
{"id":32710,"date":"2020-11-23T15:14:22","date_gmt":"2020-11-23T14:14:22","guid":{"rendered":"https:\/\/www.calmedica.com\/?p=32710"},"modified":"2020-11-27T15:47:03","modified_gmt":"2020-11-27T14:47:03","slug":"assurance-maladie-prado-covid","status":"publish","type":"post","link":"https:\/\/www.calmedica.com\/?p=32710","title":{"rendered":"L&#8217;Assurance maladie a r\u00e9activ\u00e9 le dispositif Prado Covid dans le rebond \u00e9pid\u00e9mique"},"content":{"rendered":"<p>Diff\u00e9rentes solutions viennent s&#8217;offrir aux \u00e9tablissements de sant\u00e9 pour lutter contre la COVID !<\\br><br \/>\nD\u00e9couvrez comment Memoquest, le chabot conversationnel de Calmedica, accompagne les patients lors du retour \u00e0 leur domicile dans le cadre du dispositif Prado. Cette solution est mise en place dans plusieurs \u00e9tablissements depuis 2019 et permet au personnel soignant de suivre l&#8217;\u00e9tat de sant\u00e9 des patients m\u00eame une fois leur retour chez eux.<\/p>\n<p><a href=\"https:\/\/www.hospimedia.fr\/actualite\/articles\/20201123-qualite-l-assurance-maladie-a-reactive-le-dispositif\" target=\"_blank\" rel=\"noopener noreferrer\">Pour en savoir plus, lisez l\u2019article de presse paru dans Hospimedia<\/a><\/br><a href=\"https:\/\/www.calmedica.com\/contact\/\" rel=\"noopener\">Contactez-nous<\/a><\/p>\n","protected":false},"excerpt":{"rendered":"<p>Diff\u00e9rentes solutions viennent s&#8217;offrir aux \u00e9tablissements de sant\u00e9 pour lutter contre la COVID ! D\u00e9couvrez comment Memoquest, le chabot conversationnel de Calmedica, accompagne les patients lors du retour \u00e0 leur domicile dans le cadre du dispositif Prado. Cette solution est mise en place dans plusieurs \u00e9tablissements depuis 2019 et permet au personnel soignant de suivre [&hellip;]<\/p>\n","protected":false},"author":1,"featured_media":32712,"comment_status":"closed","ping_status":"closed","sticky":false,"template":"","format":"standard","meta":{"_et_pb_use_builder":"off","_et_pb_old_content":"","_et_gb_content_width":"","footnotes":""},"categories":[6],"tags":[],"class_list":["post-32710","post","type-post","status-publish","format-standard","has-post-thumbnail","hentry","category-news"],"yoast_head":"<!-- This site is optimized with the Yoast SEO plugin v27.5 - https:\/\/yoast.com\/product\/yoast-seo-wordpress\/ -->\n<title>L&#039;Assurance maladie a r\u00e9activ\u00e9 le dispositif Prado Covid dans le rebond \u00e9pid\u00e9mique - Calmedica<\/title>\n<meta name=\"description\" content=\"Diff\u00e9rentes solutions viennent s&#039;offrir aux \u00e9tablissements de sant\u00e9 pour lutter contre la COVID ! D\u00e9couvrez comment Memoquest, le chabot conversationnel\" \/>\n<meta name=\"robots\" content=\"index, follow, max-snippet:-1, max-image-preview:large, max-video-preview:-1\" \/>\n<link rel=\"canonical\" href=\"https:\/\/www.calmedica.com\/?p=32710\" \/>\n<meta property=\"og:locale\" content=\"fr_FR\" \/>\n<meta property=\"og:type\" content=\"article\" \/>\n<meta property=\"og:title\" content=\"L&#039;Assurance maladie a r\u00e9activ\u00e9 le dispositif Prado Covid dans le rebond \u00e9pid\u00e9mique - Calmedica\" \/>\n<meta property=\"og:description\" content=\"Diff\u00e9rentes solutions viennent s&#039;offrir aux \u00e9tablissements de sant\u00e9 pour lutter contre la COVID ! D\u00e9couvrez comment Memoquest, le chabot conversationnel\" \/>\n<meta property=\"og:url\" content=\"https:\/\/www.calmedica.com\/?p=32710\" \/>\n<meta property=\"og:site_name\" content=\"Calmedica\" \/>\n<meta property=\"article:published_time\" content=\"2020-11-23T14:14:22+00:00\" \/>\n<meta property=\"article:modified_time\" content=\"2020-11-27T14:47:03+00:00\" \/>\n<meta property=\"og:image\" content=\"https:\/\/www.calmedica.com\/wp-content\/uploads\/2020\/11\/huni.jpg\" \/>\n\t<meta property=\"og:image:width\" content=\"1350\" \/>\n\t<meta property=\"og:image:height\" content=\"900\" \/>\n\t<meta property=\"og:image:type\" content=\"image\/jpeg\" \/>\n<meta name=\"author\" content=\"alexis\" \/>\n<meta name=\"twitter:card\" content=\"summary_large_image\" \/>\n<meta name=\"twitter:label1\" content=\"\u00c9crit par\" \/>\n\t<meta name=\"twitter:data1\" content=\"alexis\" \/>\n<script type=\"application\/ld+json\" class=\"yoast-schema-graph\">{\"@context\":\"https:\\\/\\\/schema.org\",\"@graph\":[{\"@type\":\"Article\",\"@id\":\"https:\\\/\\\/www.calmedica.com\\\/?p=32710#article\",\"isPartOf\":{\"@id\":\"https:\\\/\\\/www.calmedica.com\\\/?p=32710\"},\"author\":{\"name\":\"alexis\",\"@id\":\"https:\\\/\\\/www.calmedica.com\\\/#\\\/schema\\\/person\\\/cae7aa6753a82c82ab422e2c51a247bb\"},\"headline\":\"L&#8217;Assurance maladie a r\u00e9activ\u00e9 le dispositif Prado Covid dans le rebond \u00e9pid\u00e9mique\",\"datePublished\":\"2020-11-23T14:14:22+00:00\",\"dateModified\":\"2020-11-27T14:47:03+00:00\",\"mainEntityOfPage\":{\"@id\":\"https:\\\/\\\/www.calmedica.com\\\/?p=32710\"},\"wordCount\":97,\"image\":{\"@id\":\"https:\\\/\\\/www.calmedica.com\\\/?p=32710#primaryimage\"},\"thumbnailUrl\":\"https:\\\/\\\/www.calmedica.com\\\/wp-content\\\/uploads\\\/2020\\\/11\\\/huni.jpg\",\"articleSection\":[\"News\"],\"inLanguage\":\"fr-FR\"},{\"@type\":\"WebPage\",\"@id\":\"https:\\\/\\\/www.calmedica.com\\\/?p=32710\",\"url\":\"https:\\\/\\\/www.calmedica.com\\\/?p=32710\",\"name\":\"L'Assurance maladie a r\u00e9activ\u00e9 le dispositif Prado Covid dans le rebond \u00e9pid\u00e9mique - Calmedica\",\"isPartOf\":{\"@id\":\"https:\\\/\\\/www.calmedica.com\\\/#website\"},\"primaryImageOfPage\":{\"@id\":\"https:\\\/\\\/www.calmedica.com\\\/?p=32710#primaryimage\"},\"image\":{\"@id\":\"https:\\\/\\\/www.calmedica.com\\\/?p=32710#primaryimage\"},\"thumbnailUrl\":\"https:\\\/\\\/www.calmedica.com\\\/wp-content\\\/uploads\\\/2020\\\/11\\\/huni.jpg\",\"datePublished\":\"2020-11-23T14:14:22+00:00\",\"dateModified\":\"2020-11-27T14:47:03+00:00\",\"author\":{\"@id\":\"https:\\\/\\\/www.calmedica.com\\\/#\\\/schema\\\/person\\\/cae7aa6753a82c82ab422e2c51a247bb\"},\"description\":\"Diff\u00e9rentes solutions viennent s'offrir aux \u00e9tablissements de sant\u00e9 pour lutter contre la COVID ! D\u00e9couvrez comment Memoquest, le chabot conversationnel\",\"breadcrumb\":{\"@id\":\"https:\\\/\\\/www.calmedica.com\\\/?p=32710#breadcrumb\"},\"inLanguage\":\"fr-FR\",\"potentialAction\":[{\"@type\":\"ReadAction\",\"target\":[\"https:\\\/\\\/www.calmedica.com\\\/?p=32710\"]}]},{\"@type\":\"ImageObject\",\"inLanguage\":\"fr-FR\",\"@id\":\"https:\\\/\\\/www.calmedica.com\\\/?p=32710#primaryimage\",\"url\":\"https:\\\/\\\/www.calmedica.com\\\/wp-content\\\/uploads\\\/2020\\\/11\\\/huni.jpg\",\"contentUrl\":\"https:\\\/\\\/www.calmedica.com\\\/wp-content\\\/uploads\\\/2020\\\/11\\\/huni.jpg\",\"width\":1350,\"height\":900},{\"@type\":\"BreadcrumbList\",\"@id\":\"https:\\\/\\\/www.calmedica.com\\\/?p=32710#breadcrumb\",\"itemListElement\":[{\"@type\":\"ListItem\",\"position\":1,\"name\":\"Accueil\",\"item\":\"https:\\\/\\\/www.calmedica.com\\\/\"},{\"@type\":\"ListItem\",\"position\":2,\"name\":\"L&#8217;Assurance maladie a r\u00e9activ\u00e9 le dispositif Prado Covid dans le rebond \u00e9pid\u00e9mique\"}]},{\"@type\":\"WebSite\",\"@id\":\"https:\\\/\\\/www.calmedica.com\\\/#website\",\"url\":\"https:\\\/\\\/www.calmedica.com\\\/\",\"name\":\"Calmedica\",\"description\":\"Mettre la e-sant\u00e9 \u00e0 la port\u00e9e de tous\",\"potentialAction\":[{\"@type\":\"SearchAction\",\"target\":{\"@type\":\"EntryPoint\",\"urlTemplate\":\"https:\\\/\\\/www.calmedica.com\\\/?s={search_term_string}\"},\"query-input\":{\"@type\":\"PropertyValueSpecification\",\"valueRequired\":true,\"valueName\":\"search_term_string\"}}],\"inLanguage\":\"fr-FR\"},{\"@type\":\"Person\",\"@id\":\"https:\\\/\\\/www.calmedica.com\\\/#\\\/schema\\\/person\\\/cae7aa6753a82c82ab422e2c51a247bb\",\"name\":\"alexis\",\"image\":{\"@type\":\"ImageObject\",\"inLanguage\":\"fr-FR\",\"@id\":\"https:\\\/\\\/secure.gravatar.com\\\/avatar\\\/a546a8f56f87575c9d0c04ce4c631b138eaa6b27fad8095b42059a6763cf4792?s=96&d=mm&r=g\",\"url\":\"https:\\\/\\\/secure.gravatar.com\\\/avatar\\\/a546a8f56f87575c9d0c04ce4c631b138eaa6b27fad8095b42059a6763cf4792?s=96&d=mm&r=g\",\"contentUrl\":\"https:\\\/\\\/secure.gravatar.com\\\/avatar\\\/a546a8f56f87575c9d0c04ce4c631b138eaa6b27fad8095b42059a6763cf4792?s=96&d=mm&r=g\",\"caption\":\"alexis\"},\"sameAs\":[\"https:\\\/\\\/www.calmedica.com\"],\"url\":\"https:\\\/\\\/www.calmedica.com\\\/?author=1\"}]}<\/script>\n<!-- \/ Yoast SEO plugin. -->","yoast_head_json":{"title":"L'Assurance maladie a r\u00e9activ\u00e9 le dispositif Prado Covid dans le rebond \u00e9pid\u00e9mique - Calmedica","description":"Diff\u00e9rentes solutions viennent s'offrir aux \u00e9tablissements de sant\u00e9 pour lutter contre la COVID ! D\u00e9couvrez comment Memoquest, le chabot conversationnel","robots":{"index":"index","follow":"follow","max-snippet":"max-snippet:-1","max-image-preview":"max-image-preview:large","max-video-preview":"max-video-preview:-1"},"canonical":"https:\/\/www.calmedica.com\/?p=32710","og_locale":"fr_FR","og_type":"article","og_title":"L'Assurance maladie a r\u00e9activ\u00e9 le dispositif Prado Covid dans le rebond \u00e9pid\u00e9mique - Calmedica","og_description":"Diff\u00e9rentes solutions viennent s'offrir aux \u00e9tablissements de sant\u00e9 pour lutter contre la COVID ! D\u00e9couvrez comment Memoquest, le chabot conversationnel","og_url":"https:\/\/www.calmedica.com\/?p=32710","og_site_name":"Calmedica","article_published_time":"2020-11-23T14:14:22+00:00","article_modified_time":"2020-11-27T14:47:03+00:00","og_image":[{"width":1350,"height":900,"url":"https:\/\/www.calmedica.com\/wp-content\/uploads\/2020\/11\/huni.jpg","type":"image\/jpeg"}],"author":"alexis","twitter_card":"summary_large_image","twitter_misc":{"\u00c9crit par":"alexis"},"schema":{"@context":"https:\/\/schema.org","@graph":[{"@type":"Article","@id":"https:\/\/www.calmedica.com\/?p=32710#article","isPartOf":{"@id":"https:\/\/www.calmedica.com\/?p=32710"},"author":{"name":"alexis","@id":"https:\/\/www.calmedica.com\/#\/schema\/person\/cae7aa6753a82c82ab422e2c51a247bb"},"headline":"L&#8217;Assurance maladie a r\u00e9activ\u00e9 le dispositif Prado Covid dans le rebond \u00e9pid\u00e9mique","datePublished":"2020-11-23T14:14:22+00:00","dateModified":"2020-11-27T14:47:03+00:00","mainEntityOfPage":{"@id":"https:\/\/www.calmedica.com\/?p=32710"},"wordCount":97,"image":{"@id":"https:\/\/www.calmedica.com\/?p=32710#primaryimage"},"thumbnailUrl":"https:\/\/www.calmedica.com\/wp-content\/uploads\/2020\/11\/huni.jpg","articleSection":["News"],"inLanguage":"fr-FR"},{"@type":"WebPage","@id":"https:\/\/www.calmedica.com\/?p=32710","url":"https:\/\/www.calmedica.com\/?p=32710","name":"L'Assurance maladie a r\u00e9activ\u00e9 le dispositif Prado Covid dans le rebond \u00e9pid\u00e9mique - Calmedica","isPartOf":{"@id":"https:\/\/www.calmedica.com\/#website"},"primaryImageOfPage":{"@id":"https:\/\/www.calmedica.com\/?p=32710#primaryimage"},"image":{"@id":"https:\/\/www.calmedica.com\/?p=32710#primaryimage"},"thumbnailUrl":"https:\/\/www.calmedica.com\/wp-content\/uploads\/2020\/11\/huni.jpg","datePublished":"2020-11-23T14:14:22+00:00","dateModified":"2020-11-27T14:47:03+00:00","author":{"@id":"https:\/\/www.calmedica.com\/#\/schema\/person\/cae7aa6753a82c82ab422e2c51a247bb"},"description":"Diff\u00e9rentes solutions viennent s'offrir aux \u00e9tablissements de sant\u00e9 pour lutter contre la COVID ! D\u00e9couvrez comment Memoquest, le chabot conversationnel","breadcrumb":{"@id":"https:\/\/www.calmedica.com\/?p=32710#breadcrumb"},"inLanguage":"fr-FR","potentialAction":[{"@type":"ReadAction","target":["https:\/\/www.calmedica.com\/?p=32710"]}]},{"@type":"ImageObject","inLanguage":"fr-FR","@id":"https:\/\/www.calmedica.com\/?p=32710#primaryimage","url":"https:\/\/www.calmedica.com\/wp-content\/uploads\/2020\/11\/huni.jpg","contentUrl":"https:\/\/www.calmedica.com\/wp-content\/uploads\/2020\/11\/huni.jpg","width":1350,"height":900},{"@type":"BreadcrumbList","@id":"https:\/\/www.calmedica.com\/?p=32710#breadcrumb","itemListElement":[{"@type":"ListItem","position":1,"name":"Accueil","item":"https:\/\/www.calmedica.com\/"},{"@type":"ListItem","position":2,"name":"L&#8217;Assurance maladie a r\u00e9activ\u00e9 le dispositif Prado Covid dans le rebond \u00e9pid\u00e9mique"}]},{"@type":"WebSite","@id":"https:\/\/www.calmedica.com\/#website","url":"https:\/\/www.calmedica.com\/","name":"Calmedica","description":"Mettre la e-sant\u00e9 \u00e0 la port\u00e9e de tous","potentialAction":[{"@type":"SearchAction","target":{"@type":"EntryPoint","urlTemplate":"https:\/\/www.calmedica.com\/?s={search_term_string}"},"query-input":{"@type":"PropertyValueSpecification","valueRequired":true,"valueName":"search_term_string"}}],"inLanguage":"fr-FR"},{"@type":"Person","@id":"https:\/\/www.calmedica.com\/#\/schema\/person\/cae7aa6753a82c82ab422e2c51a247bb","name":"alexis","image":{"@type":"ImageObject","inLanguage":"fr-FR","@id":"https:\/\/secure.gravatar.com\/avatar\/a546a8f56f87575c9d0c04ce4c631b138eaa6b27fad8095b42059a6763cf4792?s=96&d=mm&r=g","url":"https:\/\/secure.gravatar.com\/avatar\/a546a8f56f87575c9d0c04ce4c631b138eaa6b27fad8095b42059a6763cf4792?s=96&d=mm&r=g","contentUrl":"https:\/\/secure.gravatar.com\/avatar\/a546a8f56f87575c9d0c04ce4c631b138eaa6b27fad8095b42059a6763cf4792?s=96&d=mm&r=g","caption":"alexis"},"sameAs":["https:\/\/www.calmedica.com"],"url":"https:\/\/www.calmedica.com\/?author=1"}]}},"_links":{"self":[{"href":"https:\/\/www.calmedica.com\/index.php?rest_route=\/wp\/v2\/posts\/32710","targetHints":{"allow":["GET"]}}],"collection":[{"href":"https:\/\/www.calmedica.com\/index.php?rest_route=\/wp\/v2\/posts"}],"about":[{"href":"https:\/\/www.calmedica.com\/index.php?rest_route=\/wp\/v2\/types\/post"}],"author":[{"embeddable":true,"href":"https:\/\/www.calmedica.com\/index.php?rest_route=\/wp\/v2\/users\/1"}],"replies":[{"embeddable":true,"href":"https:\/\/www.calmedica.com\/index.php?rest_route=%2Fwp%2Fv2%2Fcomments&post=32710"}],"version-history":[{"count":1,"href":"https:\/\/www.calmedica.com\/index.php?rest_route=\/wp\/v2\/posts\/32710\/revisions"}],"predecessor-version":[{"id":32713,"href":"https:\/\/www.calmedica.com\/index.php?rest_route=\/wp\/v2\/posts\/32710\/revisions\/32713"}],"wp:featuredmedia":[{"embeddable":true,"href":"https:\/\/www.calmedica.com\/index.php?rest_route=\/wp\/v2\/media\/32712"}],"wp:attachment":[{"href":"https:\/\/www.calmedica.com\/index.php?rest_route=%2Fwp%2Fv2%2Fmedia&parent=32710"}],"wp:term":[{"taxonomy":"category","embeddable":true,"href":"https:\/\/www.calmedica.com\/index.php?rest_route=%2Fwp%2Fv2%2Fcategories&post=32710"},{"taxonomy":"post_tag","embeddable":true,"href":"https:\/\/www.calmedica.com\/index.php?rest_route=%2Fwp%2Fv2%2Ftags&post=32710"}],"curies":[{"name":"wp","href":"https:\/\/api.w.org\/{rel}","templated":true}]}}