
{"id":33054,"date":"2021-01-19T20:03:30","date_gmt":"2021-01-19T19:03:30","guid":{"rendered":"https:\/\/www.calmedica.com\/?p=33054"},"modified":"2021-03-26T17:01:24","modified_gmt":"2021-03-26T16:01:24","slug":"lexploitation-des-donnees-en-sante","status":"publish","type":"post","link":"https:\/\/www.calmedica.com\/?p=33054","title":{"rendered":"L&#8217;exploitation des donn\u00e9es en sant\u00e9"},"content":{"rendered":"<p>[et_pb_section fb_built=&#8221;1&#8243; admin_label=&#8221;section&#8221; _builder_version=&#8221;3.22&#8243;][et_pb_row admin_label=&#8221;row&#8221; _builder_version=&#8221;3.25&#8243; background_size=&#8221;initial&#8221; background_position=&#8221;top_left&#8221; background_repeat=&#8221;repeat&#8221;][et_pb_column type=&#8221;4_4&#8243; _builder_version=&#8221;3.25&#8243; custom_padding=&#8221;|||&#8221; custom_padding__hover=&#8221;|||&#8221;][et_pb_text admin_label=&#8221;Text&#8221; _builder_version=&#8221;4.7.5&#8243; background_size=&#8221;initial&#8221; background_position=&#8221;top_left&#8221; background_repeat=&#8221;repeat&#8221;]<\/p>\n<h1 class=\"p1\" style=\"text-align: justify;\"><span class=\"s1\">A l&#8217;\u00e8re du num\u00e9rique, les donn\u00e9es repr\u00e9sentent une v\u00e9ritable mine d\u2019or pour l\u2019innovation et le progr\u00e8s, \u00e0 condition que leur exploitation soit organis\u00e9e. <\/span><\/h1>\n<p class=\"p1\" style=\"text-align: justify;\"><span class=\"s1\">En mati\u00e8re de sant\u00e9, on d\u00e9nombre une grande vari\u00e9t\u00e9 d\u2019acteurs qui collectent des donn\u00e9es, et cela depuis des sources de plus en plus vari\u00e9es (dossiers patients, applications mobiles, solutions connect\u00e9es etc). L\u2019acc\u00e8s \u00e0 ces donn\u00e9es constitue un facteur d\u2019am\u00e9lioration important pour la m\u00e9decine am\u00e9liorer. En effet, le croisement de toutes ces informations permet d\u2019am\u00e9liorer le parcours de soin, la pharmacovigilance, d&#8217;acc\u00e9l\u00e9rer la recherche etc. L\u2019acc\u00e8s \u00e0 ces Big Data est donc un facteur majeur d\u2019am\u00e9lioration dans le domaine m\u00e9dical, cependant le cadre l\u00e9gislatif fran\u00e7ais est actuellement tr\u00e8s restrictif. Par ailleurs l\u2019acc\u00e8s \u00e0 ces donn\u00e9es requiert \u00e9galement des avanc\u00e9es technologiques telles que l\u2019interop\u00e9rabilit\u00e9 des syst\u00e8mes afin de permettre de rassembler les informations venues de diff\u00e9rentes sources. Un cadre l\u00e9gal trop restreint peut \u00e9galement causer une perte de comp\u00e9titivit\u00e9 nationale face \u00e0 une r\u00e9glementation europ\u00e9enne plus souple. <\/span><\/p>\n<h2 class=\"p3\" style=\"text-align: justify;\"><span class=\"s1\">Enjeux du Big Data en sant\u00e9, entre innovation et r\u00e9gulation<\/span><\/h2>\n<p class=\"p1\" style=\"text-align: justify;\"><span class=\"s1\">Tout d\u2019abord il est crucial d\u2019apporter une d\u00e9finition \u00e0 ce qu\u2019est une donn\u00e9e de sant\u00e9. En 2018, le RGPD les a d\u00e9crit comme \u00ab les donn\u00e9es \u00e0 caract\u00e8re personnel relatives \u00e0 la sant\u00e9 physique ou mentale d\u2019une personne physique, y compris la prestation de services de soins de sant\u00e9, qui r\u00e9v\u00e8lent des informations sur l\u2019\u00e9tat de sant\u00e9 de cette personne. \u00bb <\/span><\/p>\n<p class=\"p1\" style=\"text-align: justify;\"><span class=\"s1\">L\u2019enjeu que repr\u00e9sente l\u2019acc\u00e8s \u00e0 ces donn\u00e9es pour le progr\u00e8s m\u00e9dical est immense. Leur collecte et analyse constituent de nombreux int\u00e9r\u00eats; mieux traiter les maladies, pr\u00e9dire les \u00e9pid\u00e9mies, am\u00e9liorer le suivi patient et la pharmacovigilance, entre autres.<\/span><\/p>\n<p class=\"p1\" style=\"text-align: justify;\"><span class=\"s1\">Cependant, ces informations entrent dans la classification des donn\u00e9es \u00e0 caract\u00e8re personnel, il est donc interdit de traiter les donn\u00e9es de sant\u00e9 relatives \u00e0 une personne identifi\u00e9e ou identifiable et de les commercialiser. Selon le RGPD, leur exploitation est seulement possible si la personne concern\u00e9e donne son consentement &#8220;clair et explicite&#8221;. Cependant des exceptions existent, notamment lorsque le traitement des donn\u00e9es est justifi\u00e9 pour la recherche dans le domaine de la sant\u00e9 ou par des n\u00e9cessit\u00e9s d\u2019int\u00e9r\u00eat public.\u00a0<\/span><\/p>\n<p class=\"p1\" style=\"text-align: justify;\"><span class=\"s1\">Et c\u2019est ainsi le cas pour le Health Data Hub, la Plateforme des donn\u00e9es de sant\u00e9 cr\u00e9\u00e9e suite au rapport du d\u00e9put\u00e9 C\u00e9dric Villani de mars 2018 intitul\u00e9 \u00ab Donner un sens \u00e0 l\u2019intelligence artificielle : pour une strat\u00e9gie nationale et europ\u00e9enne \u00bb<\/span><\/p>\n<p class=\"p1\" style=\"text-align: justify;\"><span class=\"s1\">Cette plateforme a pour ambition de r\u00e9pondre au d\u00e9fi de mutualisation des donn\u00e9es afin d&#8217;acc\u00e9l\u00e9rer la recherche et l\u2019innovation en sant\u00e9. <\/span><\/p>\n<p class=\"p1\" style=\"text-align: justify;\"><span class=\"s1\">Elle met ainsi \u00e0 disposition des chercheurs les immenses volumes de donn\u00e9es de sant\u00e9, venant de sources vari\u00e9es. Pour pouvoir y acc\u00e9der, les entreprises devront justifier l\u2019int\u00e9r\u00eat g\u00e9n\u00e9ral de leur projet et recevoir l\u2019approbation<span class=\"Apple-converted-space\">\u00a0 <\/span>de la CNIL.<\/span><\/p>\n<h3 class=\"p3\" style=\"text-align: justify;\"><span class=\"s1\">Les perspectives de l\u2019IA <\/span><\/h3>\n<p class=\"p1\" style=\"text-align: justify;\"><span class=\"s1\">L\u2019analyse crois\u00e9e de toutes les donn\u00e9es de sant\u00e9 gr\u00e2ce \u00e0 des techniques <a href=\"https:\/\/www.calmedica.com\/ia-suivi-patient-automatise\/\">d\u2019intelligence artificielle<\/a> fait avancer la m\u00e9decine vers un mod\u00e8le d\u00e9crit comme celui de la m\u00e9decine des 4P : pr\u00e9dictive, pr\u00e9ventive, personnalis\u00e9e et participative. <\/span><\/p>\n<p class=\"p1\" style=\"text-align: justify;\"><span class=\"s1\">En effet, l\u2019application des programmes d\u2019IA \u00e0 de vastes quantit\u00e9 de donn\u00e9es m\u00e9dicales permet d\u2019\u00e9tablir des analyses multiparam\u00e9triques beaucoup plus robustes et de nouvelles pistes de diagnostic. <\/span><\/p>\n<p class=\"p1\" style=\"text-align: justify;\"><span class=\"s1\">Les b\u00e9n\u00e9fices pour les patients sont tout aussi importants, gr\u00e2ce \u00e0 l\u2019\u00e9mergence des applications et objets connect\u00e9s, ils peuvent d\u00e9sormais g\u00e9rer leur maladie de fa\u00e7on beaucoup plus autonome, et suivre en temps r\u00e9el l\u2019\u00e9tat de leur sant\u00e9, sans se d\u00e9placer. Cela favorise consid\u00e9rablement l\u2019acc\u00e8s aux soins, notamment dans les zones qualifi\u00e9es de d\u00e9serts m\u00e9dicaux.<\/span><\/p>\n<p class=\"p1\" style=\"text-align: justify;\"><span class=\"s1\">Le principal d\u00e9fi r\u00e9sulte en la capacit\u00e9 de favoriser l\u2019acc\u00e8s \u00e0 ces informations afin de promouvoir le progr\u00e8s m\u00e9dical tout en prot\u00e9geant l\u2019anonymat de ces donn\u00e9es sensibles.<\/span><\/p>\n<p class=\"p1\" style=\"text-align: justify;\"><span class=\"s1\">Un des enjeux est d\u2019ordre technique, afin de faciliter l\u2019acc\u00e8s aux informations venant de diverses sources, il est n\u00e9cessaire d\u2019\u00e9laborer l\u2019int\u00e9gration et interop\u00e9rabilit\u00e9 des diff\u00e9rents syst\u00e8mes. Cette d\u00e9marche se d\u00e9mocratisera d\u00e8s lors que chaque acteur y verra son b\u00e9n\u00e9fice. <\/span><\/p>\n<p class=\"p1\" style=\"text-align: justify;\"><span class=\"s1\">D\u2019autres d\u00e9fis \u00e9mergent \u00e9galement suite aux d\u00e9bats autour de la mutualisation des donn\u00e9es. Les acteurs de la collecte de ces informations s\u2019interrogent. Si ces donn\u00e9es sont partag\u00e9es, quel est le b\u00e9n\u00e9fice per\u00e7u pour l\u2019effort de la collecte ?<\/span><\/p>\n<p class=\"p1\" style=\"text-align: justify;\"><span class=\"s1\">Les institutions politiques et juridiques jouent bien \u00e9videmment un r\u00f4le central dans l\u2019\u00e9volution de l\u2019interop\u00e9rabilit\u00e9 des syst\u00e8mes et la constitution d\u2019un point d\u2019entr\u00e9e unique \u00e0 l\u2019information, elles doivent faire \u00e9voluer leur cadre de pens\u00e9e et<\/span><span class=\"s2\"> trouver le juste \u00e9quilibre pour chaque parties, entre usage, acc\u00e8s et s\u00e9curit\u00e9 des donn\u00e9es de sant\u00e9.<\/span><\/p>\n<p>[\/et_pb_text][\/et_pb_column][\/et_pb_row][\/et_pb_section]<\/p>\n","protected":false},"excerpt":{"rendered":"<p>A l&#8217;\u00e8re du num\u00e9rique, les donn\u00e9es repr\u00e9sentent une v\u00e9ritable mine d\u2019or pour l\u2019innovation et le progr\u00e8s, \u00e0 condition que leur exploitation soit organis\u00e9e. En mati\u00e8re de sant\u00e9, on d\u00e9nombre une grande vari\u00e9t\u00e9 d\u2019acteurs qui collectent des donn\u00e9es, et cela depuis des sources de plus en plus vari\u00e9es (dossiers patients, applications mobiles, solutions connect\u00e9es etc). L\u2019acc\u00e8s [&hellip;]<\/p>\n","protected":false},"author":1,"featured_media":33056,"comment_status":"closed","ping_status":"closed","sticky":false,"template":"","format":"standard","meta":{"_et_pb_use_builder":"on","_et_pb_old_content":"<h1 class=\"p1\"><span class=\"s1\">A l'\u00e8re du num\u00e9rique, les donn\u00e9es repr\u00e9sentent une v\u00e9ritable mine d\u2019or pour l\u2019innovation et le progr\u00e8s, \u00e0 condition que leur exploitation soit organis\u00e9e. <\/span><\/h1>\r\n<p class=\"p1\"><span class=\"s1\">En mati\u00e8re de sant\u00e9, on d\u00e9nombre une grande vari\u00e9t\u00e9 d\u2019acteurs qui collectent des donn\u00e9es, et cela depuis des sources de plus en plus vari\u00e9es ( dossiers patients, applications mobiles, solutions connect\u00e9es etc). L\u2019acc\u00e8s \u00e0 ces donn\u00e9es constitue un facteur d\u2019am\u00e9lioration important pour la m\u00e9decine am\u00e9liorer. En effet, le croisement de toutes ces informations permet d\u2019am\u00e9liorer le parcours de soin, la pharmacovigilance, d'acc\u00e9l\u00e9rer la recherche etc. L\u2019acc\u00e8s \u00e0 ces Big Data est donc un facteur majeur d\u2019am\u00e9lioration dans le domaine m\u00e9dical, cependant le cadre l\u00e9gislatif fran\u00e7ais est actuellement tr\u00e8s restrictif. Par ailleurs l\u2019acc\u00e8s \u00e0 ces donn\u00e9es requiert \u00e9galement des avanc\u00e9es technologiques telles que l\u2019interop\u00e9rabilit\u00e9 des syst\u00e8mes afin de permettre de rassembler les informations venues de diff\u00e9rentes sources. Un cadre l\u00e9gal trop restreint peut \u00e9galement causer une perte de comp\u00e9titivit\u00e9 nationale face \u00e0 une r\u00e9glementation europ\u00e9enne plus souple. <\/span><\/p>\r\n\r\n<h2 class=\"p3\"><span class=\"s1\">Enjeux du Big Data en sant\u00e9, entre innovation et r\u00e9gulation<\/span><\/h2>\r\n<p class=\"p1\"><span class=\"s1\">Tout d\u2019abord il est crucial d\u2019apporter une d\u00e9finition \u00e0 ce qu\u2019est une donn\u00e9e de sant\u00e9. En 2018, le RGPD les a d\u00e9crit comme \u00ab les donn\u00e9es \u00e0 caract\u00e8re personnel relatives \u00e0 la sant\u00e9 physique ou mentale d\u2019une personne physique, y compris la prestation de services de soins de sant\u00e9, qui r\u00e9v\u00e8lent des informations sur l\u2019\u00e9tat de sant\u00e9 de cette personne. \u00bb <\/span><\/p>\r\n<p class=\"p1\"><span class=\"s1\">L\u2019enjeu que repr\u00e9sente l\u2019acc\u00e8s \u00e0 ces donn\u00e9es pour le progr\u00e8s m\u00e9dical est immense. Leur collecte et analyse constituent de nombreux int\u00e9r\u00eats; mieux traiter les maladies, pr\u00e9dire les \u00e9pid\u00e9mies, am\u00e9liorer le suivi patient et la pharmacovigilance, entre autres.<\/span><\/p>\r\n<p class=\"p1\"><span class=\"s1\">Cependant, ces informations entrent dans la classification des donn\u00e9es \u00e0 caract\u00e8re personnel, il est donc interdit de traiter les donn\u00e9es de sant\u00e9 relatives \u00e0 une personne identifi\u00e9e ou identifiable et de les commercialiser. Selon le RGPD, leur exploitation est seulement possible si la personne concern\u00e9e donne son consentement \"clair et explicite\". Cependant des exceptions existent, notamment lorsque le traitement des donn\u00e9es est justifi\u00e9 pour la recherche dans le domaine de la sant\u00e9 ou par des n\u00e9cessit\u00e9s d\u2019int\u00e9r\u00eat public.\u00a0<\/span><\/p>\r\n<p class=\"p1\"><span class=\"s1\">Et c\u2019est ainsi le cas pour le Health Data Hub, la Plateforme des donn\u00e9es de sant\u00e9 cr\u00e9\u00e9e suite au rapport du d\u00e9put\u00e9 C\u00e9dric Villani de mars 2018 intitul\u00e9 \u00ab Donner un sens \u00e0 l\u2019intelligence artificielle : pour une strat\u00e9gie nationale et europ\u00e9enne \u00bb<\/span><\/p>\r\n<p class=\"p1\"><span class=\"s1\">Cette plateforme a pour ambition de r\u00e9pondre au d\u00e9fi de mutualisation des donn\u00e9es afin d'acc\u00e9l\u00e9rer la recherche et l\u2019innovation en sant\u00e9. <\/span><\/p>\r\n<p class=\"p1\"><span class=\"s1\">Elle met ainsi \u00e0 disposition des chercheurs les immenses volumes de donn\u00e9es de sant\u00e9, venant de sources vari\u00e9es. Pour pouvoir y acc\u00e9der, les entreprises devront justifier l\u2019int\u00e9r\u00eat g\u00e9n\u00e9ral de leur projet et recevoir l\u2019approbation<span class=\"Apple-converted-space\">\u00a0 <\/span>de la CNIL.<\/span><\/p>\r\n\r\n<h3 class=\"p3\"><span class=\"s1\">Les perspectives de l\u2019IA <\/span><\/h3>\r\n<p class=\"p1\"><span class=\"s1\">L\u2019analyse crois\u00e9e de toutes les donn\u00e9es de sant\u00e9 gr\u00e2ce \u00e0 des techniques d\u2019intelligence artificielle fait avancer la m\u00e9decine vers un mod\u00e8le d\u00e9crit comme celui de la m\u00e9decine des 4P : pr\u00e9dictive, pr\u00e9ventive, personnalis\u00e9e et participative. <\/span><\/p>\r\n<p class=\"p1\"><span class=\"s1\">En effet, l\u2019application des programmes d\u2019IA \u00e0 de vastes quantit\u00e9 de donn\u00e9es m\u00e9dicales permet d\u2019\u00e9tablir des analyses multiparam\u00e9triques beaucoup plus robustes et de nouvelles pistes de diagnostic. <\/span><\/p>\r\n<p class=\"p1\"><span class=\"s1\">Les b\u00e9n\u00e9fices pour les patients sont tout aussi importants, gr\u00e2ce \u00e0 l\u2019\u00e9mergence des applications et objets connect\u00e9s, ils peuvent d\u00e9sormais g\u00e9rer leur maladie de fa\u00e7on beaucoup plus autonome, et suivre en temps r\u00e9el l\u2019\u00e9tat de leur \u00e9tat de sant\u00e9, sans se d\u00e9placer. Cela favorise consid\u00e9rablement l\u2019acc\u00e8s aux soins, notamment dans les zones qualifi\u00e9es de d\u00e9serts m\u00e9dicaux.<\/span><\/p>\r\n<p class=\"p1\"><span class=\"s1\">Le principal d\u00e9fi r\u00e9sulte en la capacit\u00e9 de favoriser l\u2019acc\u00e8s \u00e0 ces informations afin de promouvoir le progr\u00e8s m\u00e9dical tout en prot\u00e9geant l\u2019anonymat de ces donn\u00e9es sensibles.<\/span><\/p>\r\n<p class=\"p1\"><span class=\"s1\">Un des enjeux est d\u2019ordre technique, afin de faciliter l\u2019acc\u00e8s aux informations venant de diverses sources, il est n\u00e9cessaire d\u2019\u00e9laborer l\u2019int\u00e9gration et interop\u00e9rabilit\u00e9 des diff\u00e9rents syst\u00e8mes. Cette d\u00e9marche se d\u00e9mocratisera d\u00e8s lors que chaque acteur y verra son b\u00e9n\u00e9fice. <\/span><\/p>\r\n<p class=\"p1\"><span class=\"s1\">D\u2019autres d\u00e9fis \u00e9mergent \u00e9galement suite aux d\u00e9bats autour de la mutualisation des donn\u00e9es. Les acteurs de la collecte de ces informations s\u2019interrogent. Si ces donn\u00e9es sont partag\u00e9es, quel est le b\u00e9n\u00e9fice per\u00e7u pour l\u2019effort de la collecte ?<\/span><\/p>\r\n<p class=\"p1\"><span class=\"s1\">Les institutions politiques et juridiques jouent bien \u00e9videmment un r\u00f4le central dans l\u2019\u00e9volution de l\u2019interop\u00e9rabilit\u00e9 des syst\u00e8mes et la constitution d\u2019un point d\u2019entr\u00e9e unique \u00e0 l\u2019information, elles doivent faire \u00e9voluer leur cadre de pens\u00e9e et<\/span><span class=\"s2\"> trouver le juste \u00e9quilibre pour chaque parties, entre usage, acc\u00e8s et s\u00e9curit\u00e9 des donn\u00e9es de sant\u00e9.<\/span><\/p>","_et_gb_content_width":"","footnotes":""},"categories":[32],"tags":[],"class_list":["post-33054","post","type-post","status-publish","format-standard","has-post-thumbnail","hentry","category-blog"],"yoast_head":"<!-- This site is optimized with the Yoast SEO plugin v27.5 - https:\/\/yoast.com\/product\/yoast-seo-wordpress\/ -->\n<title>L&#039;exploitation des donn\u00e9es en sant\u00e9 - Calmedica<\/title>\n<meta name=\"description\" content=\"L&#039;exploitation des donn\u00e9es en sant\u00e9, entre innovation et r\u00e9gulation\" \/>\n<meta name=\"robots\" content=\"index, follow, max-snippet:-1, max-image-preview:large, max-video-preview:-1\" \/>\n<link rel=\"canonical\" href=\"https:\/\/www.calmedica.com\/?p=33054\" \/>\n<meta property=\"og:locale\" content=\"fr_FR\" \/>\n<meta property=\"og:type\" content=\"article\" \/>\n<meta property=\"og:title\" content=\"L&#039;exploitation des donn\u00e9es en sant\u00e9 - Calmedica\" \/>\n<meta property=\"og:description\" content=\"L&#039;exploitation des donn\u00e9es en sant\u00e9, entre innovation et r\u00e9gulation\" \/>\n<meta property=\"og:url\" content=\"https:\/\/www.calmedica.com\/?p=33054\" \/>\n<meta property=\"og:site_name\" content=\"Calmedica\" \/>\n<meta property=\"article:published_time\" content=\"2021-01-19T19:03:30+00:00\" \/>\n<meta property=\"article:modified_time\" content=\"2021-03-26T16:01:24+00:00\" \/>\n<meta property=\"og:image\" content=\"https:\/\/www.calmedica.com\/wp-content\/uploads\/2021\/01\/campaign-creators-774sCXD0dDU-unsplash-scaled.jpg\" \/>\n\t<meta property=\"og:image:width\" content=\"2560\" \/>\n\t<meta property=\"og:image:height\" content=\"1707\" \/>\n\t<meta property=\"og:image:type\" content=\"image\/jpeg\" \/>\n<meta name=\"author\" content=\"alexis\" \/>\n<meta name=\"twitter:card\" content=\"summary_large_image\" \/>\n<meta name=\"twitter:label1\" content=\"\u00c9crit par\" \/>\n\t<meta name=\"twitter:data1\" content=\"alexis\" \/>\n\t<meta name=\"twitter:label2\" content=\"Dur\u00e9e de lecture estim\u00e9e\" \/>\n\t<meta name=\"twitter:data2\" content=\"5 minutes\" \/>\n<script type=\"application\/ld+json\" class=\"yoast-schema-graph\">{\"@context\":\"https:\\\/\\\/schema.org\",\"@graph\":[{\"@type\":\"Article\",\"@id\":\"https:\\\/\\\/www.calmedica.com\\\/?p=33054#article\",\"isPartOf\":{\"@id\":\"https:\\\/\\\/www.calmedica.com\\\/?p=33054\"},\"author\":{\"name\":\"alexis\",\"@id\":\"https:\\\/\\\/www.calmedica.com\\\/#\\\/schema\\\/person\\\/cae7aa6753a82c82ab422e2c51a247bb\"},\"headline\":\"L&#8217;exploitation des donn\u00e9es en sant\u00e9\",\"datePublished\":\"2021-01-19T19:03:30+00:00\",\"dateModified\":\"2021-03-26T16:01:24+00:00\",\"mainEntityOfPage\":{\"@id\":\"https:\\\/\\\/www.calmedica.com\\\/?p=33054\"},\"wordCount\":961,\"image\":{\"@id\":\"https:\\\/\\\/www.calmedica.com\\\/?p=33054#primaryimage\"},\"thumbnailUrl\":\"https:\\\/\\\/www.calmedica.com\\\/wp-content\\\/uploads\\\/2021\\\/01\\\/campaign-creators-774sCXD0dDU-unsplash-scaled.jpg\",\"articleSection\":[\"blog\"],\"inLanguage\":\"fr-FR\"},{\"@type\":\"WebPage\",\"@id\":\"https:\\\/\\\/www.calmedica.com\\\/?p=33054\",\"url\":\"https:\\\/\\\/www.calmedica.com\\\/?p=33054\",\"name\":\"L'exploitation des donn\u00e9es en sant\u00e9 - Calmedica\",\"isPartOf\":{\"@id\":\"https:\\\/\\\/www.calmedica.com\\\/#website\"},\"primaryImageOfPage\":{\"@id\":\"https:\\\/\\\/www.calmedica.com\\\/?p=33054#primaryimage\"},\"image\":{\"@id\":\"https:\\\/\\\/www.calmedica.com\\\/?p=33054#primaryimage\"},\"thumbnailUrl\":\"https:\\\/\\\/www.calmedica.com\\\/wp-content\\\/uploads\\\/2021\\\/01\\\/campaign-creators-774sCXD0dDU-unsplash-scaled.jpg\",\"datePublished\":\"2021-01-19T19:03:30+00:00\",\"dateModified\":\"2021-03-26T16:01:24+00:00\",\"author\":{\"@id\":\"https:\\\/\\\/www.calmedica.com\\\/#\\\/schema\\\/person\\\/cae7aa6753a82c82ab422e2c51a247bb\"},\"description\":\"L'exploitation des donn\u00e9es en sant\u00e9, entre innovation et r\u00e9gulation\",\"breadcrumb\":{\"@id\":\"https:\\\/\\\/www.calmedica.com\\\/?p=33054#breadcrumb\"},\"inLanguage\":\"fr-FR\",\"potentialAction\":[{\"@type\":\"ReadAction\",\"target\":[\"https:\\\/\\\/www.calmedica.com\\\/?p=33054\"]}]},{\"@type\":\"ImageObject\",\"inLanguage\":\"fr-FR\",\"@id\":\"https:\\\/\\\/www.calmedica.com\\\/?p=33054#primaryimage\",\"url\":\"https:\\\/\\\/www.calmedica.com\\\/wp-content\\\/uploads\\\/2021\\\/01\\\/campaign-creators-774sCXD0dDU-unsplash-scaled.jpg\",\"contentUrl\":\"https:\\\/\\\/www.calmedica.com\\\/wp-content\\\/uploads\\\/2021\\\/01\\\/campaign-creators-774sCXD0dDU-unsplash-scaled.jpg\",\"width\":2560,\"height\":1707,\"caption\":\"exploitation donn\u00e9es de sant\u00e9\"},{\"@type\":\"BreadcrumbList\",\"@id\":\"https:\\\/\\\/www.calmedica.com\\\/?p=33054#breadcrumb\",\"itemListElement\":[{\"@type\":\"ListItem\",\"position\":1,\"name\":\"Accueil\",\"item\":\"https:\\\/\\\/www.calmedica.com\\\/\"},{\"@type\":\"ListItem\",\"position\":2,\"name\":\"L&#8217;exploitation des donn\u00e9es en sant\u00e9\"}]},{\"@type\":\"WebSite\",\"@id\":\"https:\\\/\\\/www.calmedica.com\\\/#website\",\"url\":\"https:\\\/\\\/www.calmedica.com\\\/\",\"name\":\"Calmedica\",\"description\":\"Mettre la e-sant\u00e9 \u00e0 la port\u00e9e de tous\",\"potentialAction\":[{\"@type\":\"SearchAction\",\"target\":{\"@type\":\"EntryPoint\",\"urlTemplate\":\"https:\\\/\\\/www.calmedica.com\\\/?s={search_term_string}\"},\"query-input\":{\"@type\":\"PropertyValueSpecification\",\"valueRequired\":true,\"valueName\":\"search_term_string\"}}],\"inLanguage\":\"fr-FR\"},{\"@type\":\"Person\",\"@id\":\"https:\\\/\\\/www.calmedica.com\\\/#\\\/schema\\\/person\\\/cae7aa6753a82c82ab422e2c51a247bb\",\"name\":\"alexis\",\"image\":{\"@type\":\"ImageObject\",\"inLanguage\":\"fr-FR\",\"@id\":\"https:\\\/\\\/secure.gravatar.com\\\/avatar\\\/a546a8f56f87575c9d0c04ce4c631b138eaa6b27fad8095b42059a6763cf4792?s=96&d=mm&r=g\",\"url\":\"https:\\\/\\\/secure.gravatar.com\\\/avatar\\\/a546a8f56f87575c9d0c04ce4c631b138eaa6b27fad8095b42059a6763cf4792?s=96&d=mm&r=g\",\"contentUrl\":\"https:\\\/\\\/secure.gravatar.com\\\/avatar\\\/a546a8f56f87575c9d0c04ce4c631b138eaa6b27fad8095b42059a6763cf4792?s=96&d=mm&r=g\",\"caption\":\"alexis\"},\"sameAs\":[\"https:\\\/\\\/www.calmedica.com\"],\"url\":\"https:\\\/\\\/www.calmedica.com\\\/?author=1\"}]}<\/script>\n<!-- \/ Yoast SEO plugin. -->","yoast_head_json":{"title":"L'exploitation des donn\u00e9es en sant\u00e9 - Calmedica","description":"L'exploitation des donn\u00e9es en sant\u00e9, entre innovation et r\u00e9gulation","robots":{"index":"index","follow":"follow","max-snippet":"max-snippet:-1","max-image-preview":"max-image-preview:large","max-video-preview":"max-video-preview:-1"},"canonical":"https:\/\/www.calmedica.com\/?p=33054","og_locale":"fr_FR","og_type":"article","og_title":"L'exploitation des donn\u00e9es en sant\u00e9 - Calmedica","og_description":"L'exploitation des donn\u00e9es en sant\u00e9, entre innovation et r\u00e9gulation","og_url":"https:\/\/www.calmedica.com\/?p=33054","og_site_name":"Calmedica","article_published_time":"2021-01-19T19:03:30+00:00","article_modified_time":"2021-03-26T16:01:24+00:00","og_image":[{"width":2560,"height":1707,"url":"https:\/\/www.calmedica.com\/wp-content\/uploads\/2021\/01\/campaign-creators-774sCXD0dDU-unsplash-scaled.jpg","type":"image\/jpeg"}],"author":"alexis","twitter_card":"summary_large_image","twitter_misc":{"\u00c9crit par":"alexis","Dur\u00e9e de lecture estim\u00e9e":"5 minutes"},"schema":{"@context":"https:\/\/schema.org","@graph":[{"@type":"Article","@id":"https:\/\/www.calmedica.com\/?p=33054#article","isPartOf":{"@id":"https:\/\/www.calmedica.com\/?p=33054"},"author":{"name":"alexis","@id":"https:\/\/www.calmedica.com\/#\/schema\/person\/cae7aa6753a82c82ab422e2c51a247bb"},"headline":"L&#8217;exploitation des donn\u00e9es en sant\u00e9","datePublished":"2021-01-19T19:03:30+00:00","dateModified":"2021-03-26T16:01:24+00:00","mainEntityOfPage":{"@id":"https:\/\/www.calmedica.com\/?p=33054"},"wordCount":961,"image":{"@id":"https:\/\/www.calmedica.com\/?p=33054#primaryimage"},"thumbnailUrl":"https:\/\/www.calmedica.com\/wp-content\/uploads\/2021\/01\/campaign-creators-774sCXD0dDU-unsplash-scaled.jpg","articleSection":["blog"],"inLanguage":"fr-FR"},{"@type":"WebPage","@id":"https:\/\/www.calmedica.com\/?p=33054","url":"https:\/\/www.calmedica.com\/?p=33054","name":"L'exploitation des donn\u00e9es en sant\u00e9 - Calmedica","isPartOf":{"@id":"https:\/\/www.calmedica.com\/#website"},"primaryImageOfPage":{"@id":"https:\/\/www.calmedica.com\/?p=33054#primaryimage"},"image":{"@id":"https:\/\/www.calmedica.com\/?p=33054#primaryimage"},"thumbnailUrl":"https:\/\/www.calmedica.com\/wp-content\/uploads\/2021\/01\/campaign-creators-774sCXD0dDU-unsplash-scaled.jpg","datePublished":"2021-01-19T19:03:30+00:00","dateModified":"2021-03-26T16:01:24+00:00","author":{"@id":"https:\/\/www.calmedica.com\/#\/schema\/person\/cae7aa6753a82c82ab422e2c51a247bb"},"description":"L'exploitation des donn\u00e9es en sant\u00e9, entre innovation et r\u00e9gulation","breadcrumb":{"@id":"https:\/\/www.calmedica.com\/?p=33054#breadcrumb"},"inLanguage":"fr-FR","potentialAction":[{"@type":"ReadAction","target":["https:\/\/www.calmedica.com\/?p=33054"]}]},{"@type":"ImageObject","inLanguage":"fr-FR","@id":"https:\/\/www.calmedica.com\/?p=33054#primaryimage","url":"https:\/\/www.calmedica.com\/wp-content\/uploads\/2021\/01\/campaign-creators-774sCXD0dDU-unsplash-scaled.jpg","contentUrl":"https:\/\/www.calmedica.com\/wp-content\/uploads\/2021\/01\/campaign-creators-774sCXD0dDU-unsplash-scaled.jpg","width":2560,"height":1707,"caption":"exploitation donn\u00e9es de sant\u00e9"},{"@type":"BreadcrumbList","@id":"https:\/\/www.calmedica.com\/?p=33054#breadcrumb","itemListElement":[{"@type":"ListItem","position":1,"name":"Accueil","item":"https:\/\/www.calmedica.com\/"},{"@type":"ListItem","position":2,"name":"L&#8217;exploitation des donn\u00e9es en sant\u00e9"}]},{"@type":"WebSite","@id":"https:\/\/www.calmedica.com\/#website","url":"https:\/\/www.calmedica.com\/","name":"Calmedica","description":"Mettre la e-sant\u00e9 \u00e0 la port\u00e9e de tous","potentialAction":[{"@type":"SearchAction","target":{"@type":"EntryPoint","urlTemplate":"https:\/\/www.calmedica.com\/?s={search_term_string}"},"query-input":{"@type":"PropertyValueSpecification","valueRequired":true,"valueName":"search_term_string"}}],"inLanguage":"fr-FR"},{"@type":"Person","@id":"https:\/\/www.calmedica.com\/#\/schema\/person\/cae7aa6753a82c82ab422e2c51a247bb","name":"alexis","image":{"@type":"ImageObject","inLanguage":"fr-FR","@id":"https:\/\/secure.gravatar.com\/avatar\/a546a8f56f87575c9d0c04ce4c631b138eaa6b27fad8095b42059a6763cf4792?s=96&d=mm&r=g","url":"https:\/\/secure.gravatar.com\/avatar\/a546a8f56f87575c9d0c04ce4c631b138eaa6b27fad8095b42059a6763cf4792?s=96&d=mm&r=g","contentUrl":"https:\/\/secure.gravatar.com\/avatar\/a546a8f56f87575c9d0c04ce4c631b138eaa6b27fad8095b42059a6763cf4792?s=96&d=mm&r=g","caption":"alexis"},"sameAs":["https:\/\/www.calmedica.com"],"url":"https:\/\/www.calmedica.com\/?author=1"}]}},"_links":{"self":[{"href":"https:\/\/www.calmedica.com\/index.php?rest_route=\/wp\/v2\/posts\/33054","targetHints":{"allow":["GET"]}}],"collection":[{"href":"https:\/\/www.calmedica.com\/index.php?rest_route=\/wp\/v2\/posts"}],"about":[{"href":"https:\/\/www.calmedica.com\/index.php?rest_route=\/wp\/v2\/types\/post"}],"author":[{"embeddable":true,"href":"https:\/\/www.calmedica.com\/index.php?rest_route=\/wp\/v2\/users\/1"}],"replies":[{"embeddable":true,"href":"https:\/\/www.calmedica.com\/index.php?rest_route=%2Fwp%2Fv2%2Fcomments&post=33054"}],"version-history":[{"count":4,"href":"https:\/\/www.calmedica.com\/index.php?rest_route=\/wp\/v2\/posts\/33054\/revisions"}],"predecessor-version":[{"id":33394,"href":"https:\/\/www.calmedica.com\/index.php?rest_route=\/wp\/v2\/posts\/33054\/revisions\/33394"}],"wp:featuredmedia":[{"embeddable":true,"href":"https:\/\/www.calmedica.com\/index.php?rest_route=\/wp\/v2\/media\/33056"}],"wp:attachment":[{"href":"https:\/\/www.calmedica.com\/index.php?rest_route=%2Fwp%2Fv2%2Fmedia&parent=33054"}],"wp:term":[{"taxonomy":"category","embeddable":true,"href":"https:\/\/www.calmedica.com\/index.php?rest_route=%2Fwp%2Fv2%2Fcategories&post=33054"},{"taxonomy":"post_tag","embeddable":true,"href":"https:\/\/www.calmedica.com\/index.php?rest_route=%2Fwp%2Fv2%2Ftags&post=33054"}],"curies":[{"name":"wp","href":"https:\/\/api.w.org\/{rel}","templated":true}]}}