
{"id":33109,"date":"2021-02-12T18:50:17","date_gmt":"2021-02-12T17:50:17","guid":{"rendered":"https:\/\/www.calmedica.com\/?p=33109"},"modified":"2021-02-12T18:51:23","modified_gmt":"2021-02-12T17:51:23","slug":"lassurance-maladie-choisit-calmedica-pour-assurer-le-suivi-de-lisolement-des-patients-covid-et-de-leurs-contacts","status":"publish","type":"post","link":"https:\/\/www.calmedica.com\/?p=33109","title":{"rendered":"L\u2019Assurance Maladie choisit Calmedica pour assurer le suivi de l\u2019isolement des patients Covid et de leurs contacts"},"content":{"rendered":"<blockquote><p>L\u2019\u00e9pid\u00e9mie continue\u00a0de\u00a0progresser en France avec\u00a0plus\u00a0de\u00a025\u2009000\u00a0personnes contamin\u00e9es\u00a0par\u00a0jour. Pour\u00a0arr\u00eater plus vite les\u00a0cha\u00eenes\u00a0de contamination\u00a0du virus, l\u2019Assurance\u00a0Maladie a mis en place un contact\u00a0tracing\u00a0qui consiste \u00e0\u00a0assister et\u00a0accompagner les patients\u00a0Covid et leurs\u00a0contacts\u00a0identifi\u00e9s\u00a0lors de leur isolement.<\/p>\n<p>&nbsp;<\/p>\n<p>Une fois le patient test\u00e9 positif, il identifie avec son m\u00e9decin traitant ses cas contacts. Cette information transmise \u00e0 l\u2019Assurance Maladie va faire l\u2019objet d\u2019un suivi pour confirmer ou compl\u00e9ter la liste des cas contacts. C\u2019est dans ce cadre que l\u2019Assurance Maladie a\u00a0souhait\u00e9\u00a0utiliser le logiciel\u00a0Memoquest\u00a0pour\u00a0rappeler, \u00e0 l\u2019issue de l\u2019appel,\u00a0les consignes d\u2019isolement \u00e0 chaque patient\u00a0et \u00e0 chaque cas contact,\u00a0identifier\u00a0les besoins d\u2019accompagnement\u00a0(garde d\u2019enfants, gestions des courses, logement inadapt\u00e9\u2026)\u00a0et\u00a0en\u00a0\u00eatre\u00a0alert\u00e9e\u00a0afin\u00a0de pouvoir\u00a0les\u00a0r\u00e9soudre. Memoquest s\u2019assurera\u00a0\u00e9galement de la bonne mise en place de cet accompagnement.<\/p><\/blockquote>\n<p><a href=\"https:\/\/www.caducee.net\/actualite-medicale\/15322\/l-assurance-maladie-choisit-calmedica-pour-assurer-le-suivi-de-l-isolement-des-patients-covid-et-de-leurs-contacts.html\">Pour voir l&#8217;article complet<\/a><\/p>\n","protected":false},"excerpt":{"rendered":"<p>L\u2019\u00e9pid\u00e9mie continue\u00a0de\u00a0progresser en France avec\u00a0plus\u00a0de\u00a025\u2009000\u00a0personnes contamin\u00e9es\u00a0par\u00a0jour. Pour\u00a0arr\u00eater plus vite les\u00a0cha\u00eenes\u00a0de contamination\u00a0du virus, l\u2019Assurance\u00a0Maladie a mis en place un contact\u00a0tracing\u00a0qui consiste \u00e0\u00a0assister et\u00a0accompagner les patients\u00a0Covid et leurs\u00a0contacts\u00a0identifi\u00e9s\u00a0lors de leur isolement. &nbsp; Une fois le patient test\u00e9 positif, il identifie avec son m\u00e9decin traitant ses cas contacts. Cette information transmise \u00e0 l\u2019Assurance Maladie va faire l\u2019objet d\u2019un [&hellip;]<\/p>\n","protected":false},"author":1,"featured_media":33111,"comment_status":"closed","ping_status":"closed","sticky":false,"template":"","format":"standard","meta":{"_et_pb_use_builder":"","_et_pb_old_content":"","_et_gb_content_width":"","footnotes":""},"categories":[6],"tags":[],"class_list":["post-33109","post","type-post","status-publish","format-standard","has-post-thumbnail","hentry","category-news"],"yoast_head":"<!-- This site is optimized with the Yoast SEO plugin v27.5 - https:\/\/yoast.com\/product\/yoast-seo-wordpress\/ -->\n<title>L\u2019Assurance Maladie choisit Calmedica pour assurer le suivi de l\u2019isolement des patients Covid et de leurs contacts - Calmedica<\/title>\n<meta name=\"description\" content=\"L\u2019\u00e9pid\u00e9mie continue\u00a0de\u00a0progresser en France avec\u00a0plus\u00a0de\u00a025\u2009000\u00a0personnes contamin\u00e9es\u00a0par\u00a0jour. Pour\u00a0arr\u00eater plus vite les\u00a0cha\u00eenes\u00a0de contamination\u00a0du\" \/>\n<meta name=\"robots\" content=\"index, follow, max-snippet:-1, max-image-preview:large, max-video-preview:-1\" \/>\n<link rel=\"canonical\" href=\"https:\/\/www.calmedica.com\/?p=33109\" \/>\n<meta property=\"og:locale\" content=\"fr_FR\" \/>\n<meta property=\"og:type\" content=\"article\" \/>\n<meta property=\"og:title\" content=\"L\u2019Assurance Maladie choisit Calmedica pour assurer le suivi de l\u2019isolement des patients Covid et de leurs contacts - Calmedica\" \/>\n<meta property=\"og:description\" content=\"L\u2019\u00e9pid\u00e9mie continue\u00a0de\u00a0progresser en France avec\u00a0plus\u00a0de\u00a025\u2009000\u00a0personnes contamin\u00e9es\u00a0par\u00a0jour. Pour\u00a0arr\u00eater plus vite les\u00a0cha\u00eenes\u00a0de contamination\u00a0du\" \/>\n<meta property=\"og:url\" content=\"https:\/\/www.calmedica.com\/?p=33109\" \/>\n<meta property=\"og:site_name\" content=\"Calmedica\" \/>\n<meta property=\"article:published_time\" content=\"2021-02-12T17:50:17+00:00\" \/>\n<meta property=\"article:modified_time\" content=\"2021-02-12T17:51:23+00:00\" \/>\n<meta property=\"og:image\" content=\"https:\/\/www.calmedica.com\/wp-content\/uploads\/2021\/02\/caducet.jpeg\" \/>\n\t<meta property=\"og:image:width\" content=\"400\" \/>\n\t<meta property=\"og:image:height\" content=\"400\" \/>\n\t<meta property=\"og:image:type\" content=\"image\/jpeg\" \/>\n<meta name=\"author\" content=\"alexis\" \/>\n<meta name=\"twitter:card\" content=\"summary_large_image\" \/>\n<meta name=\"twitter:label1\" content=\"\u00c9crit par\" \/>\n\t<meta name=\"twitter:data1\" content=\"alexis\" \/>\n\t<meta name=\"twitter:label2\" content=\"Dur\u00e9e de lecture estim\u00e9e\" \/>\n\t<meta name=\"twitter:data2\" content=\"1 minute\" \/>\n<script type=\"application\/ld+json\" class=\"yoast-schema-graph\">{\"@context\":\"https:\\\/\\\/schema.org\",\"@graph\":[{\"@type\":\"Article\",\"@id\":\"https:\\\/\\\/www.calmedica.com\\\/?p=33109#article\",\"isPartOf\":{\"@id\":\"https:\\\/\\\/www.calmedica.com\\\/?p=33109\"},\"author\":{\"name\":\"alexis\",\"@id\":\"https:\\\/\\\/www.calmedica.com\\\/#\\\/schema\\\/person\\\/cae7aa6753a82c82ab422e2c51a247bb\"},\"headline\":\"L\u2019Assurance Maladie choisit Calmedica pour assurer le suivi de l\u2019isolement des patients Covid et de leurs contacts\",\"datePublished\":\"2021-02-12T17:50:17+00:00\",\"dateModified\":\"2021-02-12T17:51:23+00:00\",\"mainEntityOfPage\":{\"@id\":\"https:\\\/\\\/www.calmedica.com\\\/?p=33109\"},\"wordCount\":188,\"image\":{\"@id\":\"https:\\\/\\\/www.calmedica.com\\\/?p=33109#primaryimage\"},\"thumbnailUrl\":\"https:\\\/\\\/www.calmedica.com\\\/wp-content\\\/uploads\\\/2021\\\/02\\\/caducet.jpeg\",\"articleSection\":[\"News\"],\"inLanguage\":\"fr-FR\"},{\"@type\":\"WebPage\",\"@id\":\"https:\\\/\\\/www.calmedica.com\\\/?p=33109\",\"url\":\"https:\\\/\\\/www.calmedica.com\\\/?p=33109\",\"name\":\"L\u2019Assurance Maladie choisit Calmedica pour assurer le suivi de l\u2019isolement des patients Covid et de leurs contacts - Calmedica\",\"isPartOf\":{\"@id\":\"https:\\\/\\\/www.calmedica.com\\\/#website\"},\"primaryImageOfPage\":{\"@id\":\"https:\\\/\\\/www.calmedica.com\\\/?p=33109#primaryimage\"},\"image\":{\"@id\":\"https:\\\/\\\/www.calmedica.com\\\/?p=33109#primaryimage\"},\"thumbnailUrl\":\"https:\\\/\\\/www.calmedica.com\\\/wp-content\\\/uploads\\\/2021\\\/02\\\/caducet.jpeg\",\"datePublished\":\"2021-02-12T17:50:17+00:00\",\"dateModified\":\"2021-02-12T17:51:23+00:00\",\"author\":{\"@id\":\"https:\\\/\\\/www.calmedica.com\\\/#\\\/schema\\\/person\\\/cae7aa6753a82c82ab422e2c51a247bb\"},\"description\":\"L\u2019\u00e9pid\u00e9mie continue\u00a0de\u00a0progresser en France avec\u00a0plus\u00a0de\u00a025\u2009000\u00a0personnes contamin\u00e9es\u00a0par\u00a0jour. Pour\u00a0arr\u00eater plus vite les\u00a0cha\u00eenes\u00a0de contamination\u00a0du\",\"breadcrumb\":{\"@id\":\"https:\\\/\\\/www.calmedica.com\\\/?p=33109#breadcrumb\"},\"inLanguage\":\"fr-FR\",\"potentialAction\":[{\"@type\":\"ReadAction\",\"target\":[\"https:\\\/\\\/www.calmedica.com\\\/?p=33109\"]}]},{\"@type\":\"ImageObject\",\"inLanguage\":\"fr-FR\",\"@id\":\"https:\\\/\\\/www.calmedica.com\\\/?p=33109#primaryimage\",\"url\":\"https:\\\/\\\/www.calmedica.com\\\/wp-content\\\/uploads\\\/2021\\\/02\\\/caducet.jpeg\",\"contentUrl\":\"https:\\\/\\\/www.calmedica.com\\\/wp-content\\\/uploads\\\/2021\\\/02\\\/caducet.jpeg\",\"width\":400,\"height\":400},{\"@type\":\"BreadcrumbList\",\"@id\":\"https:\\\/\\\/www.calmedica.com\\\/?p=33109#breadcrumb\",\"itemListElement\":[{\"@type\":\"ListItem\",\"position\":1,\"name\":\"Accueil\",\"item\":\"https:\\\/\\\/www.calmedica.com\\\/\"},{\"@type\":\"ListItem\",\"position\":2,\"name\":\"L\u2019Assurance Maladie choisit Calmedica pour assurer le suivi de l\u2019isolement des patients Covid et de leurs contacts\"}]},{\"@type\":\"WebSite\",\"@id\":\"https:\\\/\\\/www.calmedica.com\\\/#website\",\"url\":\"https:\\\/\\\/www.calmedica.com\\\/\",\"name\":\"Calmedica\",\"description\":\"Mettre la e-sant\u00e9 \u00e0 la port\u00e9e de tous\",\"potentialAction\":[{\"@type\":\"SearchAction\",\"target\":{\"@type\":\"EntryPoint\",\"urlTemplate\":\"https:\\\/\\\/www.calmedica.com\\\/?s={search_term_string}\"},\"query-input\":{\"@type\":\"PropertyValueSpecification\",\"valueRequired\":true,\"valueName\":\"search_term_string\"}}],\"inLanguage\":\"fr-FR\"},{\"@type\":\"Person\",\"@id\":\"https:\\\/\\\/www.calmedica.com\\\/#\\\/schema\\\/person\\\/cae7aa6753a82c82ab422e2c51a247bb\",\"name\":\"alexis\",\"image\":{\"@type\":\"ImageObject\",\"inLanguage\":\"fr-FR\",\"@id\":\"https:\\\/\\\/secure.gravatar.com\\\/avatar\\\/a546a8f56f87575c9d0c04ce4c631b138eaa6b27fad8095b42059a6763cf4792?s=96&d=mm&r=g\",\"url\":\"https:\\\/\\\/secure.gravatar.com\\\/avatar\\\/a546a8f56f87575c9d0c04ce4c631b138eaa6b27fad8095b42059a6763cf4792?s=96&d=mm&r=g\",\"contentUrl\":\"https:\\\/\\\/secure.gravatar.com\\\/avatar\\\/a546a8f56f87575c9d0c04ce4c631b138eaa6b27fad8095b42059a6763cf4792?s=96&d=mm&r=g\",\"caption\":\"alexis\"},\"sameAs\":[\"https:\\\/\\\/www.calmedica.com\"],\"url\":\"https:\\\/\\\/www.calmedica.com\\\/?author=1\"}]}<\/script>\n<!-- \/ Yoast SEO plugin. -->","yoast_head_json":{"title":"L\u2019Assurance Maladie choisit Calmedica pour assurer le suivi de l\u2019isolement des patients Covid et de leurs contacts - Calmedica","description":"L\u2019\u00e9pid\u00e9mie continue\u00a0de\u00a0progresser en France avec\u00a0plus\u00a0de\u00a025\u2009000\u00a0personnes contamin\u00e9es\u00a0par\u00a0jour. Pour\u00a0arr\u00eater plus vite les\u00a0cha\u00eenes\u00a0de contamination\u00a0du","robots":{"index":"index","follow":"follow","max-snippet":"max-snippet:-1","max-image-preview":"max-image-preview:large","max-video-preview":"max-video-preview:-1"},"canonical":"https:\/\/www.calmedica.com\/?p=33109","og_locale":"fr_FR","og_type":"article","og_title":"L\u2019Assurance Maladie choisit Calmedica pour assurer le suivi de l\u2019isolement des patients Covid et de leurs contacts - Calmedica","og_description":"L\u2019\u00e9pid\u00e9mie continue\u00a0de\u00a0progresser en France avec\u00a0plus\u00a0de\u00a025\u2009000\u00a0personnes contamin\u00e9es\u00a0par\u00a0jour. Pour\u00a0arr\u00eater plus vite les\u00a0cha\u00eenes\u00a0de contamination\u00a0du","og_url":"https:\/\/www.calmedica.com\/?p=33109","og_site_name":"Calmedica","article_published_time":"2021-02-12T17:50:17+00:00","article_modified_time":"2021-02-12T17:51:23+00:00","og_image":[{"width":400,"height":400,"url":"https:\/\/www.calmedica.com\/wp-content\/uploads\/2021\/02\/caducet.jpeg","type":"image\/jpeg"}],"author":"alexis","twitter_card":"summary_large_image","twitter_misc":{"\u00c9crit par":"alexis","Dur\u00e9e de lecture estim\u00e9e":"1 minute"},"schema":{"@context":"https:\/\/schema.org","@graph":[{"@type":"Article","@id":"https:\/\/www.calmedica.com\/?p=33109#article","isPartOf":{"@id":"https:\/\/www.calmedica.com\/?p=33109"},"author":{"name":"alexis","@id":"https:\/\/www.calmedica.com\/#\/schema\/person\/cae7aa6753a82c82ab422e2c51a247bb"},"headline":"L\u2019Assurance Maladie choisit Calmedica pour assurer le suivi de l\u2019isolement des patients Covid et de leurs contacts","datePublished":"2021-02-12T17:50:17+00:00","dateModified":"2021-02-12T17:51:23+00:00","mainEntityOfPage":{"@id":"https:\/\/www.calmedica.com\/?p=33109"},"wordCount":188,"image":{"@id":"https:\/\/www.calmedica.com\/?p=33109#primaryimage"},"thumbnailUrl":"https:\/\/www.calmedica.com\/wp-content\/uploads\/2021\/02\/caducet.jpeg","articleSection":["News"],"inLanguage":"fr-FR"},{"@type":"WebPage","@id":"https:\/\/www.calmedica.com\/?p=33109","url":"https:\/\/www.calmedica.com\/?p=33109","name":"L\u2019Assurance Maladie choisit Calmedica pour assurer le suivi de l\u2019isolement des patients Covid et de leurs contacts - Calmedica","isPartOf":{"@id":"https:\/\/www.calmedica.com\/#website"},"primaryImageOfPage":{"@id":"https:\/\/www.calmedica.com\/?p=33109#primaryimage"},"image":{"@id":"https:\/\/www.calmedica.com\/?p=33109#primaryimage"},"thumbnailUrl":"https:\/\/www.calmedica.com\/wp-content\/uploads\/2021\/02\/caducet.jpeg","datePublished":"2021-02-12T17:50:17+00:00","dateModified":"2021-02-12T17:51:23+00:00","author":{"@id":"https:\/\/www.calmedica.com\/#\/schema\/person\/cae7aa6753a82c82ab422e2c51a247bb"},"description":"L\u2019\u00e9pid\u00e9mie continue\u00a0de\u00a0progresser en France avec\u00a0plus\u00a0de\u00a025\u2009000\u00a0personnes contamin\u00e9es\u00a0par\u00a0jour. Pour\u00a0arr\u00eater plus vite les\u00a0cha\u00eenes\u00a0de contamination\u00a0du","breadcrumb":{"@id":"https:\/\/www.calmedica.com\/?p=33109#breadcrumb"},"inLanguage":"fr-FR","potentialAction":[{"@type":"ReadAction","target":["https:\/\/www.calmedica.com\/?p=33109"]}]},{"@type":"ImageObject","inLanguage":"fr-FR","@id":"https:\/\/www.calmedica.com\/?p=33109#primaryimage","url":"https:\/\/www.calmedica.com\/wp-content\/uploads\/2021\/02\/caducet.jpeg","contentUrl":"https:\/\/www.calmedica.com\/wp-content\/uploads\/2021\/02\/caducet.jpeg","width":400,"height":400},{"@type":"BreadcrumbList","@id":"https:\/\/www.calmedica.com\/?p=33109#breadcrumb","itemListElement":[{"@type":"ListItem","position":1,"name":"Accueil","item":"https:\/\/www.calmedica.com\/"},{"@type":"ListItem","position":2,"name":"L\u2019Assurance Maladie choisit Calmedica pour assurer le suivi de l\u2019isolement des patients Covid et de leurs contacts"}]},{"@type":"WebSite","@id":"https:\/\/www.calmedica.com\/#website","url":"https:\/\/www.calmedica.com\/","name":"Calmedica","description":"Mettre la e-sant\u00e9 \u00e0 la port\u00e9e de tous","potentialAction":[{"@type":"SearchAction","target":{"@type":"EntryPoint","urlTemplate":"https:\/\/www.calmedica.com\/?s={search_term_string}"},"query-input":{"@type":"PropertyValueSpecification","valueRequired":true,"valueName":"search_term_string"}}],"inLanguage":"fr-FR"},{"@type":"Person","@id":"https:\/\/www.calmedica.com\/#\/schema\/person\/cae7aa6753a82c82ab422e2c51a247bb","name":"alexis","image":{"@type":"ImageObject","inLanguage":"fr-FR","@id":"https:\/\/secure.gravatar.com\/avatar\/a546a8f56f87575c9d0c04ce4c631b138eaa6b27fad8095b42059a6763cf4792?s=96&d=mm&r=g","url":"https:\/\/secure.gravatar.com\/avatar\/a546a8f56f87575c9d0c04ce4c631b138eaa6b27fad8095b42059a6763cf4792?s=96&d=mm&r=g","contentUrl":"https:\/\/secure.gravatar.com\/avatar\/a546a8f56f87575c9d0c04ce4c631b138eaa6b27fad8095b42059a6763cf4792?s=96&d=mm&r=g","caption":"alexis"},"sameAs":["https:\/\/www.calmedica.com"],"url":"https:\/\/www.calmedica.com\/?author=1"}]}},"_links":{"self":[{"href":"https:\/\/www.calmedica.com\/index.php?rest_route=\/wp\/v2\/posts\/33109","targetHints":{"allow":["GET"]}}],"collection":[{"href":"https:\/\/www.calmedica.com\/index.php?rest_route=\/wp\/v2\/posts"}],"about":[{"href":"https:\/\/www.calmedica.com\/index.php?rest_route=\/wp\/v2\/types\/post"}],"author":[{"embeddable":true,"href":"https:\/\/www.calmedica.com\/index.php?rest_route=\/wp\/v2\/users\/1"}],"replies":[{"embeddable":true,"href":"https:\/\/www.calmedica.com\/index.php?rest_route=%2Fwp%2Fv2%2Fcomments&post=33109"}],"version-history":[{"count":3,"href":"https:\/\/www.calmedica.com\/index.php?rest_route=\/wp\/v2\/posts\/33109\/revisions"}],"predecessor-version":[{"id":33114,"href":"https:\/\/www.calmedica.com\/index.php?rest_route=\/wp\/v2\/posts\/33109\/revisions\/33114"}],"wp:featuredmedia":[{"embeddable":true,"href":"https:\/\/www.calmedica.com\/index.php?rest_route=\/wp\/v2\/media\/33111"}],"wp:attachment":[{"href":"https:\/\/www.calmedica.com\/index.php?rest_route=%2Fwp%2Fv2%2Fmedia&parent=33109"}],"wp:term":[{"taxonomy":"category","embeddable":true,"href":"https:\/\/www.calmedica.com\/index.php?rest_route=%2Fwp%2Fv2%2Fcategories&post=33109"},{"taxonomy":"post_tag","embeddable":true,"href":"https:\/\/www.calmedica.com\/index.php?rest_route=%2Fwp%2Fv2%2Ftags&post=33109"}],"curies":[{"name":"wp","href":"https:\/\/api.w.org\/{rel}","templated":true}]}}