
{"id":33751,"date":"2021-04-15T23:37:16","date_gmt":"2021-04-15T21:37:16","guid":{"rendered":"https:\/\/www.calmedica.com\/?p=33751"},"modified":"2021-04-16T08:58:03","modified_gmt":"2021-04-16T06:58:03","slug":"lespace-numerique-de-sante-lengagement-de-calmedica","status":"publish","type":"post","link":"https:\/\/www.calmedica.com\/?p=33751","title":{"rendered":"L\u2019Espace Num\u00e9rique de Sant\u00e9 : l&#8217;engagement de Calmedica"},"content":{"rendered":"<p>[et_pb_section fb_built=&#8221;1&#8243; admin_label=&#8221;section&#8221; _builder_version=&#8221;3.22&#8243;][et_pb_row admin_label=&#8221;row&#8221; _builder_version=&#8221;3.25&#8243; background_size=&#8221;initial&#8221; background_position=&#8221;top_left&#8221; background_repeat=&#8221;repeat&#8221;][et_pb_column type=&#8221;4_4&#8243; _builder_version=&#8221;3.25&#8243; custom_padding=&#8221;|||&#8221; custom_padding__hover=&#8221;|||&#8221;][et_pb_text admin_label=&#8221;Text&#8221; _builder_version=&#8221;4.7.5&#8243; text_font=&#8221;Poppins||||||||&#8221; text_font_size=&#8221;15px&#8221; background_size=&#8221;initial&#8221; background_position=&#8221;top_left&#8221; background_repeat=&#8221;repeat&#8221;]<\/p>\n<h2 style=\"text-align: justify;\"><span id=\"hs_cos_wrapper_name\" class=\"hs_cos_wrapper hs_cos_wrapper_meta_field hs_cos_wrapper_type_text\" data-hs-cos-general-type=\"meta_field\" data-hs-cos-type=\"text\">Ma Sant\u00e9 2022 : le virage num\u00e9rique qui va transformer la m\u00e9decine<\/span><\/h2>\n<p style=\"text-align: justify;\"><strong>Ma Sant\u00e9 2022, <\/strong>c&#8217;est le plan de transformation de notre syst\u00e8me de sant\u00e9, lanc\u00e9 en f\u00e9vrier 2018, afin d&#8217;adapter le syst\u00e8me de soins aux nouveaux enjeux de sant\u00e9 publique et aux besoins des patients. La feuille de route nationale &#8220;Acc\u00e9l\u00e9rer le virage num\u00e9rique en sant\u00e9&#8221; fixe les orientations de la politique du num\u00e9rique en sant\u00e9. Elle permettra d&#8217;accompagner les acteurs du syst\u00e8me de sant\u00e9 dans le virage num\u00e9rique et \u00e0 la France de stimuler l&#8217;innovation.<\/p>\n<p style=\"text-align: justify;\">La feuille de route d\u00e9finit cinq grandes orientations : <strong>renforcer<\/strong> la gouvernance du num\u00e9rique en sant\u00e9, <strong>intensifier<\/strong> la s\u00e9curit\u00e9 et l\u2019interop\u00e9rabilit\u00e9 des syst\u00e8mes d\u2019information en sant\u00e9, <strong>acc\u00e9l\u00e9rer<\/strong> le d\u00e9ploiement des services num\u00e9riques socles, <strong>d\u00e9ployer<\/strong> au niveau national des plateformes num\u00e9riques de sant\u00e9,\u00a0<strong>soutenir<\/strong> l\u2019innovation et favoriser l\u2019engagement des acteurs<\/p>\n<p style=\"text-align: justify;\">\u00c0 travers ces directions, l&#8217;ambition est claire : favoriser l&#8217;acc\u00e8s \u00e0 des soins plus efficients pour les patients, mais \u00e9galement am\u00e9liorer le quotidien des professionnels de sant\u00e9.<\/p>\n<h2 style=\"text-align: justify;\"><\/h2>\n<h2 style=\"text-align: justify;\"><\/h2>\n<h2 style=\"text-align: justify;\">L&#8217;ENS, mesure phare de la feuille de route<\/h2>\n<p style=\"text-align: justify;\">Le num\u00e9rique en sant\u00e9 \u00e9tant encore en pleine phase de d\u00e9veloppement en France, il est opportun de d\u00e9finir les standards d&#8217;interop\u00e9rabilit\u00e9 entre les syst\u00e8mes d\u2019information, et d&#8217;en faciliter les usages d\u00e8s maintenant.<\/p>\n<p style=\"text-align: justify;\"><a href=\"https:\/\/esante.gouv.fr\/virage-numerique\/feuille-de-route\">Action n\u00b016 de la feuille de route<\/a>,<strong> L\u2019ENS est un espace personnel en ligne, \u00a0destin\u00e9 \u00e0 tous les usagers du syst\u00e8me de soin<\/strong>. Les patients pourront y consulter l&#8217;ensemble de leurs donn\u00e9es de sant\u00e9 tout au long de leur vie et en donner l\u2019acc\u00e8s aux professionnels de sant\u00e9 qui interviennent dans leur parcours de soin. L\u2019ENS h\u00e9bergera aussi des services de sant\u00e9 r\u00e9f\u00e9renc\u00e9s et labellis\u00e9s. La plateforme sera ouverte pour chaque fran\u00e7ais \u00e0 partir du 1er janvier 2022.<\/p>\n<h2 style=\"text-align: justify;\"><b><\/b><\/h2>\n<h2 style=\"text-align: justify;\"><b><\/b><\/h2>\n<h2 style=\"text-align: justify;\">Calmedica, engag\u00e9e pour acc\u00e9l\u00e9rer le virage num\u00e9rique<\/h2>\n<p style=\"text-align: justify;\">En novembre 2020, en partenariat avec le minist\u00e8re des Solidarit\u00e9s et de la Sant\u00e9, l\u2019Assurance Maladie et l\u2019Agence du num\u00e9rique en sant\u00e9, le GIE SESAM-Vitale lan\u00e7ait <a href=\"https:\/\/sesam-vitale.fr\/espace-numerique-de-sante\">un appel \u00e0 candidature<\/a> \u00e0 destination de tous les acteurs du num\u00e9rique en sant\u00e9, avec deux objectifs :<\/p>\n<p style=\"text-align: justify;\">&#8211; Concevoir les modalit\u00e9s d\u2019\u00e9changes\u00a0entre les applications utilis\u00e9es par les patients et l\u2019ENS.<\/p>\n<p style=\"text-align: justify;\">&#8211; Tester les processus de r\u00e9f\u00e9rencement\u00a0au store de l\u2019ENS.<\/p>\n<p style=\"text-align: justify;\"><strong>Calmedica fait partie des 30 acteurs s\u00e9lectionn\u00e9s<\/strong>, pour aider \u00e0 pr\u00e9parer l\u2019int\u00e9gration des services r\u00e9f\u00e9renc\u00e9s sur le store de l&#8217;ENS. Les retenus dans le cadre de cet appel \u00e0 candidature seront parmi les premiers \u00e0 participer au processus de r\u00e9f\u00e9rencement pilote pr\u00e9vu dans le cadre de la mise en \u0153uvre de l\u2019ENS.<\/p>\n<p style=\"text-align: justify;\">\u00c0 travers ce choix, Calmedica s&#8217;inscrit dans cet engagement collectif qui vise \u00e0 soutenir l&#8217;innovation en sant\u00e9, et oeuvre aux cot\u00e9s d&#8217;autres acteurs afin de r\u00e9pondre \u00e0 sa mission capitale qui est de <strong>mettre la e-sant\u00e9 \u00e0 la port\u00e9e de tous<\/strong>. L&#8217;adoption de l&#8217;intelligence artificielle en sant\u00e9 et du big data ne sont plus des sujets de demain. Il faut donc s&#8217;investir collectivement afin de cr\u00e9er les conditions propices au d\u00e9veloppement de l&#8217;intelligence artificielle.<\/p>\n<p style=\"text-align: justify;\">L\u2019e-sant\u00e9 bouleverse le syst\u00e8me de sant\u00e9, <strong>elle remet la\u00a0relation\u00a0soignant\/patient au c\u0153ur m\u00eame du soin<\/strong>, en redonnant du temps pr\u00e9cieux au corps m\u00e9dical.\u00a0 Elle aide \u00e9galement les soignants dans une meilleure prise en charge et suivi des personnes soign\u00e9es, le partage de donn\u00e9es \u00e9tant facilit\u00e9 ainsi que la coordination des diff\u00e9rents professionnels de sant\u00e9 autours d&#8217;un patient.<\/p>\n<p style=\"text-align: justify;\">&#8220;La modernit\u00e9 num\u00e9rique peut se manifester selon ce m\u00eame tryptique : mieux ma\u00eetriser le monde, innover toujours plus, viser la pleine satisfaction des besoins. D\u00e8s lors, c&#8217;est \u00e0 nous, responsables politiques, chercheurs, professionnels de sant\u00e9, ing\u00e9nieurs, de cr\u00e9er les conditions pour r\u00e9soudre l&#8217;\u00e9quation d&#8217;une soci\u00e9t\u00e9 num\u00e9rique inclusive, innovante, \u00e9cologiquement responsable et \u00e9conomiquement soutenable. Cette soci\u00e9t\u00e9 num\u00e9rique doit \u00eatre pens\u00e9e et faite ensemble.&#8221; a d\u00e9clar\u00e9 Mme Agn\u00e8s Buzyn, ministre des solidarit\u00e9s et de la sant\u00e9.<\/p>\n<p style=\"text-align: justify;\">L&#8217;intelligence artificielle r\u00e9pond aux enjeux majeurs actuels, elle permet de lutter contre l\u2019in\u00e9galit\u00e9 de l\u2019acc\u00e8s au soins, les d\u00e9serts m\u00e9dicaux, le manque de coordination chez les professionnels de sant\u00e9 etc. Pour cette raison, il est capital d&#8217;\u00e9tablir les pr\u00e9requis nous permettant d&#8217;acc\u00e9l\u00e9rer ce virage num\u00e9rique en sant\u00e9, pour avancer plus rapidement, et plus efficacement.\u00a0<\/p>\n<p style=\"text-align: justify;\">\n<p>[\/et_pb_text][\/et_pb_column][\/et_pb_row][\/et_pb_section]<\/p>\n","protected":false},"excerpt":{"rendered":"<p>Ma Sant\u00e9 2022 : le virage num\u00e9rique qui va transformer la m\u00e9decine Ma Sant\u00e9 2022, c&#8217;est le plan de transformation de notre syst\u00e8me de sant\u00e9, lanc\u00e9 en f\u00e9vrier 2018, afin d&#8217;adapter le syst\u00e8me de soins aux nouveaux enjeux de sant\u00e9 publique et aux besoins des patients. La feuille de route nationale &#8220;Acc\u00e9l\u00e9rer le virage num\u00e9rique [&hellip;]<\/p>\n","protected":false},"author":1,"featured_media":33149,"comment_status":"closed","ping_status":"closed","sticky":false,"template":"","format":"standard","meta":{"_et_pb_use_builder":"on","_et_pb_old_content":"<h2><span id=\"hs_cos_wrapper_name\" class=\"hs_cos_wrapper hs_cos_wrapper_meta_field hs_cos_wrapper_type_text\" data-hs-cos-general-type=\"meta_field\" data-hs-cos-type=\"text\">Ma Sant\u00e9 2022 : le virage num\u00e9rique qui va transformer la m\u00e9decine<\/span><\/h2>\r\n<strong>Ma Sant\u00e9 2022, <\/strong>c'est le plan de transformation de notre syst\u00e8me de sant\u00e9, lanc\u00e9 en f\u00e9vrier 2018, afin d'adapter le syst\u00e8me de soins aux nouveaux enjeux de sant\u00e9 publique et aux besoins des patients. La feuille de route nationale \"Acc\u00e9l\u00e9rer le virage num\u00e9rique en sant\u00e9\" fixe les orientations de la politique du num\u00e9rique en sant\u00e9. Elle permettra d'accompagner les acteurs du syst\u00e8me de sant\u00e9 dans le virage num\u00e9rique et \u00e0 la France de stimuler l'innovation.\r\n\r\nLa feuille de route d\u00e9finit cinq grandes orientations :\r\n<ul>\r\n \t<li>Renforcer la gouvernance du num\u00e9rique en sant\u00e9<\/li>\r\n \t<li>Intensifier la s\u00e9curit\u00e9 et l\u2019interop\u00e9rabilit\u00e9 des syst\u00e8mes d\u2019information en sant\u00e9<\/li>\r\n \t<li>Acc\u00e9l\u00e9rer le d\u00e9ploiement des services num\u00e9riques socles<\/li>\r\n \t<li>D\u00e9ployer au niveau national des plateformes num\u00e9riques de sant\u00e9<\/li>\r\n \t<li>Soutenir l\u2019innovation et favoriser l\u2019engagement des acteurs<\/li>\r\n<\/ul>\r\n\u00c0 travers ces directions, l'ambition est claire : favoriser l'acc\u00e8s \u00e0 des soins plus efficients pour les patients, mais \u00e9galement am\u00e9liorer le quotidien des professionnels de sant\u00e9.\r\n<h2>L'ENS, mesure phare de la feuille de route<\/h2>\r\nLe num\u00e9rique en sant\u00e9 \u00e9tant encore en pleine phase de d\u00e9veloppement en France, il est opportun de d\u00e9finir les standards d'interop\u00e9rabilit\u00e9 entre les syst\u00e8mes d\u2019information, et d'en faciliter les usages d\u00e8s maintenant.\r\n\r\n<a href=\"https:\/\/esante.gouv.fr\/virage-numerique\/feuille-de-route\">Action n\u00b016 de la feuille de route<\/a>,<strong> L\u2019ENS est un espace personnel en ligne, \u00a0destin\u00e9 \u00e0 tous les usagers du syst\u00e8me de soin<\/strong>. Les patients pourront y consulter l'ensemble de leurs donn\u00e9es de sant\u00e9 tout au long de leur vie et en donner l\u2019acc\u00e8s aux professionnels de sant\u00e9 qui interviennent dans leur parcours de soin. L\u2019ENS h\u00e9bergera aussi des services de sant\u00e9 r\u00e9f\u00e9renc\u00e9s et labellis\u00e9s. La plateforme sera ouverte pour chaque fran\u00e7ais \u00e0 partir du 1er janvier 2022.\r\n<h2><b>Calmedica, engag\u00e9e pour acc\u00e9l\u00e9rer le virage num\u00e9rique<\/b><\/h2>\r\nEn novembre 2020, en partenariat avec le minist\u00e8re des Solidarit\u00e9s et de la Sant\u00e9, l\u2019Assurance Maladie et l\u2019Agence du num\u00e9rique en sant\u00e9, le GIE SESAM-Vitale lan\u00e7ait <a href=\"https:\/\/sesam-vitale.fr\/espace-numerique-de-sante\">un appel \u00e0 candidature<\/a> \u00e0 destination de tous les acteurs du num\u00e9rique en sant\u00e9, avec deux objectifs :\r\n<ol>\r\n \t<li>Concevoir les modalit\u00e9s d\u2019\u00e9changes\u00a0entre les applications utilis\u00e9es par les patients et l\u2019ENS,<\/li>\r\n \t<li>Tester les processus de r\u00e9f\u00e9rencement\u00a0au store de l\u2019ENS.<\/li>\r\n<\/ol>\r\n<strong>Calmedica fait partie des 30 acteurs s\u00e9lectionn\u00e9s<\/strong>, pour aider \u00e0 pr\u00e9parer l\u2019int\u00e9gration des services r\u00e9f\u00e9renc\u00e9s sur le store de l'ENS. Les retenus dans le cadre de cet appel \u00e0 candidature seront parmi les premiers \u00e0 participer au processus de r\u00e9f\u00e9rencement pilote pr\u00e9vu dans le cadre de la mise en \u0153uvre de l\u2019ENS.\r\n\r\n\u00c0 travers ce choix, Calmedica s'inscrit dans cet engagement collectif qui vise \u00e0 soutenir l'innovation en sant\u00e9, et oeuvre aux cot\u00e9s d'autres acteurs afin de r\u00e9pondre \u00e0 sa mission capitale qui est de <strong>mettre la e-sant\u00e9 \u00e0 la port\u00e9e de tous<\/strong>. L'adoption de l'intelligence artificielle en sant\u00e9 et du big data ne sont plus des sujets de demain. Il faut donc s'investir collectivement afin de cr\u00e9er les conditions propices au d\u00e9veloppement de l'intelligence artificielle en sant\u00e9.\r\n\r\nL\u2019e-sant\u00e9 bouleverse le syst\u00e8me de sant\u00e9, <strong>elle remet la\u00a0relation\u00a0soignant\/patient au c\u0153ur m\u00eame du soin<\/strong>, en redonnant du temps pr\u00e9cieux au corps m\u00e9dical.\u00a0 Elle aide \u00e9galement les soignants dans une meilleure prise en charge et suivi des personnes soign\u00e9es, le partage de donn\u00e9es \u00e9tant facilit\u00e9 ainsi que la coordination des diff\u00e9rents professionnels de sant\u00e9 autours d'un patient.\r\n\r\n\"La modernit\u00e9 num\u00e9rique peut se manifester selon ce m\u00eame tryptique : mieux ma\u00eetriser le monde, innover toujours plus, viser la pleine satisfaction des besoins. D\u00e8s lors, c'est \u00e0 nous, responsables politiques, chercheurs, professionnels de sant\u00e9, ing\u00e9nieurs, de cr\u00e9er les conditions pour r\u00e9soudre l'\u00e9quation d'une soci\u00e9t\u00e9 num\u00e9rique inclusive, innovante, \u00e9cologiquement responsable et \u00e9conomiquement soutenable. Cette soci\u00e9t\u00e9 num\u00e9rique doit \u00eatre pens\u00e9e et faite ensemble.\" a d\u00e9clar\u00e9 Mme Agn\u00e8s Buzyn, ministre des solidarit\u00e9s et de la sant\u00e9.\r\n\r\nL'intelligence artificielle r\u00e9pond aux enjeux majeurs actuels, elle permet de lutter contre l\u2019in\u00e9galit\u00e9 de l\u2019acc\u00e8s au soins, les d\u00e9serts m\u00e9dicaux, le manque de coordination chez les professionnels de sant\u00e9 etc. Pour cette raison, il est capital d'\u00e9tablir les pr\u00e9requis nous permettant d'acc\u00e9l\u00e9rer ce virage num\u00e9rique en sant\u00e9.\r\n\r\n&nbsp;\r\n\r\n&nbsp;","_et_gb_content_width":"","footnotes":""},"categories":[32],"tags":[],"class_list":["post-33751","post","type-post","status-publish","format-standard","has-post-thumbnail","hentry","category-blog"],"yoast_head":"<!-- This site is optimized with the Yoast SEO plugin v27.5 - https:\/\/yoast.com\/product\/yoast-seo-wordpress\/ -->\n<title>L\u2019Espace Num\u00e9rique de Sant\u00e9 : l&#039;engagement de Calmedica - Calmedica<\/title>\n<meta name=\"robots\" content=\"index, follow, max-snippet:-1, max-image-preview:large, max-video-preview:-1\" \/>\n<link rel=\"canonical\" href=\"https:\/\/www.calmedica.com\/?p=33751\" \/>\n<meta property=\"og:locale\" content=\"fr_FR\" \/>\n<meta property=\"og:type\" content=\"article\" \/>\n<meta property=\"og:title\" content=\"L\u2019Espace Num\u00e9rique de Sant\u00e9 : l&#039;engagement de Calmedica - Calmedica\" \/>\n<meta property=\"og:url\" content=\"https:\/\/www.calmedica.com\/?p=33751\" \/>\n<meta property=\"og:site_name\" content=\"Calmedica\" \/>\n<meta property=\"article:published_time\" content=\"2021-04-15T21:37:16+00:00\" \/>\n<meta property=\"article:modified_time\" content=\"2021-04-16T06:58:03+00:00\" \/>\n<meta property=\"og:image\" content=\"https:\/\/www.calmedica.com\/wp-content\/uploads\/2021\/02\/appel-candidature-ENS.jpg\" \/>\n\t<meta property=\"og:image:width\" content=\"680\" \/>\n\t<meta property=\"og:image:height\" content=\"350\" \/>\n\t<meta property=\"og:image:type\" content=\"image\/jpeg\" \/>\n<meta name=\"author\" content=\"alexis\" \/>\n<meta name=\"twitter:card\" content=\"summary_large_image\" \/>\n<meta name=\"twitter:label1\" content=\"\u00c9crit par\" \/>\n\t<meta name=\"twitter:data1\" content=\"alexis\" \/>\n\t<meta name=\"twitter:label2\" content=\"Dur\u00e9e de lecture estim\u00e9e\" \/>\n\t<meta name=\"twitter:data2\" content=\"4 minutes\" \/>\n<script type=\"application\/ld+json\" class=\"yoast-schema-graph\">{\"@context\":\"https:\\\/\\\/schema.org\",\"@graph\":[{\"@type\":\"Article\",\"@id\":\"https:\\\/\\\/www.calmedica.com\\\/?p=33751#article\",\"isPartOf\":{\"@id\":\"https:\\\/\\\/www.calmedica.com\\\/?p=33751\"},\"author\":{\"name\":\"alexis\",\"@id\":\"https:\\\/\\\/www.calmedica.com\\\/#\\\/schema\\\/person\\\/cae7aa6753a82c82ab422e2c51a247bb\"},\"headline\":\"L\u2019Espace Num\u00e9rique de Sant\u00e9 : l&#8217;engagement de Calmedica\",\"datePublished\":\"2021-04-15T21:37:16+00:00\",\"dateModified\":\"2021-04-16T06:58:03+00:00\",\"mainEntityOfPage\":{\"@id\":\"https:\\\/\\\/www.calmedica.com\\\/?p=33751\"},\"wordCount\":871,\"image\":{\"@id\":\"https:\\\/\\\/www.calmedica.com\\\/?p=33751#primaryimage\"},\"thumbnailUrl\":\"https:\\\/\\\/www.calmedica.com\\\/wp-content\\\/uploads\\\/2021\\\/02\\\/appel-candidature-ENS.jpg\",\"articleSection\":[\"blog\"],\"inLanguage\":\"fr-FR\"},{\"@type\":\"WebPage\",\"@id\":\"https:\\\/\\\/www.calmedica.com\\\/?p=33751\",\"url\":\"https:\\\/\\\/www.calmedica.com\\\/?p=33751\",\"name\":\"L\u2019Espace Num\u00e9rique de Sant\u00e9 : l'engagement de Calmedica - Calmedica\",\"isPartOf\":{\"@id\":\"https:\\\/\\\/www.calmedica.com\\\/#website\"},\"primaryImageOfPage\":{\"@id\":\"https:\\\/\\\/www.calmedica.com\\\/?p=33751#primaryimage\"},\"image\":{\"@id\":\"https:\\\/\\\/www.calmedica.com\\\/?p=33751#primaryimage\"},\"thumbnailUrl\":\"https:\\\/\\\/www.calmedica.com\\\/wp-content\\\/uploads\\\/2021\\\/02\\\/appel-candidature-ENS.jpg\",\"datePublished\":\"2021-04-15T21:37:16+00:00\",\"dateModified\":\"2021-04-16T06:58:03+00:00\",\"author\":{\"@id\":\"https:\\\/\\\/www.calmedica.com\\\/#\\\/schema\\\/person\\\/cae7aa6753a82c82ab422e2c51a247bb\"},\"breadcrumb\":{\"@id\":\"https:\\\/\\\/www.calmedica.com\\\/?p=33751#breadcrumb\"},\"inLanguage\":\"fr-FR\",\"potentialAction\":[{\"@type\":\"ReadAction\",\"target\":[\"https:\\\/\\\/www.calmedica.com\\\/?p=33751\"]}]},{\"@type\":\"ImageObject\",\"inLanguage\":\"fr-FR\",\"@id\":\"https:\\\/\\\/www.calmedica.com\\\/?p=33751#primaryimage\",\"url\":\"https:\\\/\\\/www.calmedica.com\\\/wp-content\\\/uploads\\\/2021\\\/02\\\/appel-candidature-ENS.jpg\",\"contentUrl\":\"https:\\\/\\\/www.calmedica.com\\\/wp-content\\\/uploads\\\/2021\\\/02\\\/appel-candidature-ENS.jpg\",\"width\":680,\"height\":350},{\"@type\":\"BreadcrumbList\",\"@id\":\"https:\\\/\\\/www.calmedica.com\\\/?p=33751#breadcrumb\",\"itemListElement\":[{\"@type\":\"ListItem\",\"position\":1,\"name\":\"Accueil\",\"item\":\"https:\\\/\\\/www.calmedica.com\\\/\"},{\"@type\":\"ListItem\",\"position\":2,\"name\":\"L\u2019Espace Num\u00e9rique de Sant\u00e9 : l&#8217;engagement de Calmedica\"}]},{\"@type\":\"WebSite\",\"@id\":\"https:\\\/\\\/www.calmedica.com\\\/#website\",\"url\":\"https:\\\/\\\/www.calmedica.com\\\/\",\"name\":\"Calmedica\",\"description\":\"Mettre la e-sant\u00e9 \u00e0 la port\u00e9e de tous\",\"potentialAction\":[{\"@type\":\"SearchAction\",\"target\":{\"@type\":\"EntryPoint\",\"urlTemplate\":\"https:\\\/\\\/www.calmedica.com\\\/?s={search_term_string}\"},\"query-input\":{\"@type\":\"PropertyValueSpecification\",\"valueRequired\":true,\"valueName\":\"search_term_string\"}}],\"inLanguage\":\"fr-FR\"},{\"@type\":\"Person\",\"@id\":\"https:\\\/\\\/www.calmedica.com\\\/#\\\/schema\\\/person\\\/cae7aa6753a82c82ab422e2c51a247bb\",\"name\":\"alexis\",\"image\":{\"@type\":\"ImageObject\",\"inLanguage\":\"fr-FR\",\"@id\":\"https:\\\/\\\/secure.gravatar.com\\\/avatar\\\/a546a8f56f87575c9d0c04ce4c631b138eaa6b27fad8095b42059a6763cf4792?s=96&d=mm&r=g\",\"url\":\"https:\\\/\\\/secure.gravatar.com\\\/avatar\\\/a546a8f56f87575c9d0c04ce4c631b138eaa6b27fad8095b42059a6763cf4792?s=96&d=mm&r=g\",\"contentUrl\":\"https:\\\/\\\/secure.gravatar.com\\\/avatar\\\/a546a8f56f87575c9d0c04ce4c631b138eaa6b27fad8095b42059a6763cf4792?s=96&d=mm&r=g\",\"caption\":\"alexis\"},\"sameAs\":[\"https:\\\/\\\/www.calmedica.com\"],\"url\":\"https:\\\/\\\/www.calmedica.com\\\/?author=1\"}]}<\/script>\n<!-- \/ Yoast SEO plugin. -->","yoast_head_json":{"title":"L\u2019Espace Num\u00e9rique de Sant\u00e9 : l'engagement de Calmedica - Calmedica","robots":{"index":"index","follow":"follow","max-snippet":"max-snippet:-1","max-image-preview":"max-image-preview:large","max-video-preview":"max-video-preview:-1"},"canonical":"https:\/\/www.calmedica.com\/?p=33751","og_locale":"fr_FR","og_type":"article","og_title":"L\u2019Espace Num\u00e9rique de Sant\u00e9 : l'engagement de Calmedica - Calmedica","og_url":"https:\/\/www.calmedica.com\/?p=33751","og_site_name":"Calmedica","article_published_time":"2021-04-15T21:37:16+00:00","article_modified_time":"2021-04-16T06:58:03+00:00","og_image":[{"width":680,"height":350,"url":"https:\/\/www.calmedica.com\/wp-content\/uploads\/2021\/02\/appel-candidature-ENS.jpg","type":"image\/jpeg"}],"author":"alexis","twitter_card":"summary_large_image","twitter_misc":{"\u00c9crit par":"alexis","Dur\u00e9e de lecture estim\u00e9e":"4 minutes"},"schema":{"@context":"https:\/\/schema.org","@graph":[{"@type":"Article","@id":"https:\/\/www.calmedica.com\/?p=33751#article","isPartOf":{"@id":"https:\/\/www.calmedica.com\/?p=33751"},"author":{"name":"alexis","@id":"https:\/\/www.calmedica.com\/#\/schema\/person\/cae7aa6753a82c82ab422e2c51a247bb"},"headline":"L\u2019Espace Num\u00e9rique de Sant\u00e9 : l&#8217;engagement de Calmedica","datePublished":"2021-04-15T21:37:16+00:00","dateModified":"2021-04-16T06:58:03+00:00","mainEntityOfPage":{"@id":"https:\/\/www.calmedica.com\/?p=33751"},"wordCount":871,"image":{"@id":"https:\/\/www.calmedica.com\/?p=33751#primaryimage"},"thumbnailUrl":"https:\/\/www.calmedica.com\/wp-content\/uploads\/2021\/02\/appel-candidature-ENS.jpg","articleSection":["blog"],"inLanguage":"fr-FR"},{"@type":"WebPage","@id":"https:\/\/www.calmedica.com\/?p=33751","url":"https:\/\/www.calmedica.com\/?p=33751","name":"L\u2019Espace Num\u00e9rique de Sant\u00e9 : l'engagement de Calmedica - Calmedica","isPartOf":{"@id":"https:\/\/www.calmedica.com\/#website"},"primaryImageOfPage":{"@id":"https:\/\/www.calmedica.com\/?p=33751#primaryimage"},"image":{"@id":"https:\/\/www.calmedica.com\/?p=33751#primaryimage"},"thumbnailUrl":"https:\/\/www.calmedica.com\/wp-content\/uploads\/2021\/02\/appel-candidature-ENS.jpg","datePublished":"2021-04-15T21:37:16+00:00","dateModified":"2021-04-16T06:58:03+00:00","author":{"@id":"https:\/\/www.calmedica.com\/#\/schema\/person\/cae7aa6753a82c82ab422e2c51a247bb"},"breadcrumb":{"@id":"https:\/\/www.calmedica.com\/?p=33751#breadcrumb"},"inLanguage":"fr-FR","potentialAction":[{"@type":"ReadAction","target":["https:\/\/www.calmedica.com\/?p=33751"]}]},{"@type":"ImageObject","inLanguage":"fr-FR","@id":"https:\/\/www.calmedica.com\/?p=33751#primaryimage","url":"https:\/\/www.calmedica.com\/wp-content\/uploads\/2021\/02\/appel-candidature-ENS.jpg","contentUrl":"https:\/\/www.calmedica.com\/wp-content\/uploads\/2021\/02\/appel-candidature-ENS.jpg","width":680,"height":350},{"@type":"BreadcrumbList","@id":"https:\/\/www.calmedica.com\/?p=33751#breadcrumb","itemListElement":[{"@type":"ListItem","position":1,"name":"Accueil","item":"https:\/\/www.calmedica.com\/"},{"@type":"ListItem","position":2,"name":"L\u2019Espace Num\u00e9rique de Sant\u00e9 : l&#8217;engagement de Calmedica"}]},{"@type":"WebSite","@id":"https:\/\/www.calmedica.com\/#website","url":"https:\/\/www.calmedica.com\/","name":"Calmedica","description":"Mettre la e-sant\u00e9 \u00e0 la port\u00e9e de tous","potentialAction":[{"@type":"SearchAction","target":{"@type":"EntryPoint","urlTemplate":"https:\/\/www.calmedica.com\/?s={search_term_string}"},"query-input":{"@type":"PropertyValueSpecification","valueRequired":true,"valueName":"search_term_string"}}],"inLanguage":"fr-FR"},{"@type":"Person","@id":"https:\/\/www.calmedica.com\/#\/schema\/person\/cae7aa6753a82c82ab422e2c51a247bb","name":"alexis","image":{"@type":"ImageObject","inLanguage":"fr-FR","@id":"https:\/\/secure.gravatar.com\/avatar\/a546a8f56f87575c9d0c04ce4c631b138eaa6b27fad8095b42059a6763cf4792?s=96&d=mm&r=g","url":"https:\/\/secure.gravatar.com\/avatar\/a546a8f56f87575c9d0c04ce4c631b138eaa6b27fad8095b42059a6763cf4792?s=96&d=mm&r=g","contentUrl":"https:\/\/secure.gravatar.com\/avatar\/a546a8f56f87575c9d0c04ce4c631b138eaa6b27fad8095b42059a6763cf4792?s=96&d=mm&r=g","caption":"alexis"},"sameAs":["https:\/\/www.calmedica.com"],"url":"https:\/\/www.calmedica.com\/?author=1"}]}},"_links":{"self":[{"href":"https:\/\/www.calmedica.com\/index.php?rest_route=\/wp\/v2\/posts\/33751","targetHints":{"allow":["GET"]}}],"collection":[{"href":"https:\/\/www.calmedica.com\/index.php?rest_route=\/wp\/v2\/posts"}],"about":[{"href":"https:\/\/www.calmedica.com\/index.php?rest_route=\/wp\/v2\/types\/post"}],"author":[{"embeddable":true,"href":"https:\/\/www.calmedica.com\/index.php?rest_route=\/wp\/v2\/users\/1"}],"replies":[{"embeddable":true,"href":"https:\/\/www.calmedica.com\/index.php?rest_route=%2Fwp%2Fv2%2Fcomments&post=33751"}],"version-history":[{"count":6,"href":"https:\/\/www.calmedica.com\/index.php?rest_route=\/wp\/v2\/posts\/33751\/revisions"}],"predecessor-version":[{"id":33758,"href":"https:\/\/www.calmedica.com\/index.php?rest_route=\/wp\/v2\/posts\/33751\/revisions\/33758"}],"wp:featuredmedia":[{"embeddable":true,"href":"https:\/\/www.calmedica.com\/index.php?rest_route=\/wp\/v2\/media\/33149"}],"wp:attachment":[{"href":"https:\/\/www.calmedica.com\/index.php?rest_route=%2Fwp%2Fv2%2Fmedia&parent=33751"}],"wp:term":[{"taxonomy":"category","embeddable":true,"href":"https:\/\/www.calmedica.com\/index.php?rest_route=%2Fwp%2Fv2%2Fcategories&post=33751"},{"taxonomy":"post_tag","embeddable":true,"href":"https:\/\/www.calmedica.com\/index.php?rest_route=%2Fwp%2Fv2%2Ftags&post=33751"}],"curies":[{"name":"wp","href":"https:\/\/api.w.org\/{rel}","templated":true}]}}